{"id":101,"date":"2012-10-26T09:16:29","date_gmt":"2012-10-26T09:16:29","guid":{"rendered":"http:\/\/die-gruenen-meppen.de\/?p=101"},"modified":"2012-10-26T09:20:16","modified_gmt":"2012-10-26T09:20:16","slug":"der-landtagsdirektkandidat-fur-den-wahlkreis-81-meppen-steht-fest","status":"publish","type":"post","link":"https:\/\/gruene-emsland-mitte.de\/?p=101","title":{"rendered":"Der Landtagsdirektkandidat f\u00fcr den Wahlkreis 81 (Meppen) steht fest"},"content":{"rendered":"<p>Auf einer Kreismitgliederversammlung w\u00e4hlten die Gr\u00fcnen des Wahlkrerises 81 ihren Direktkandidaten f\u00fcr die Landtagswahl am 20. Januar:<\/p>\n<p>Norbert Knape ist Lehrer an der Geschwister-Scholl-Schule in Geeste seit 1977, verheiratet und Vater von zwei erwachsenen T\u00f6chtern. (Auf dem Bild mit der Kreisvorsitzenden Birgit Kemmer)<\/p>\n<p><img loading=\"lazy\" decoding=\"async\" class=\"aligncenter\" src=\"http:\/\/landtag.norbert-knape.de\/wp-content\/uploads\/2012\/10\/kmv-300x300.jpg\" alt=\"\" width=\"300\" height=\"300\" \/>Mitglied der Gr\u00fcnen ist er seit 1984, er war im Gemeinderat der Gemeinde Geeste vertreten und ist jetzt Kreistagsabgeordneter f\u00fcr den Landkreis Emsland. Im Kreistag ist er der Vertreter der Gr\u00fcnen in den Aussch\u00fcssen &#8222;Arbeit, Soziales und Integration&#8220; und im Schulausschuss. Im Verlauf des Jahres hat er sich verst\u00e4rkt der Frage des Ausbaus der E 233 gewidmet.<\/p>\n<p>Mehr auf seiner Homepage: <strong><a href=\"http:\/\/landtag.norbert-knape.de\/\" target=\"_blank\">http:\/\/landtag.norbert-knape.de\/<\/a><\/strong><\/p>\n","protected":false},"excerpt":{"rendered":"<p>Auf einer Kreismitgliederversammlung w\u00e4hlten die Gr\u00fcnen des Wahlkrerises 81 ihren Direktkandidaten f\u00fcr die Landtagswahl am 20. Januar: Norbert Knape ist Lehrer an der Geschwister-Scholl-Schule in Geeste seit 1977, verheiratet und [&hellip;]<\/p>\n","protected":false},"author":-1,"featured_media":0,"comment_status":"open","ping_status":"open","sticky":false,"template":"","format":"standard","meta":{"footnotes":""},"categories":[3],"tags":[],"class_list":["post-101","post","type-post","status-publish","format-standard","hentry","category-allgemein"],"_links":{"self":[{"href":"https:\/\/gruene-emsland-mitte.de\/index.php?rest_route=\/wp\/v2\/posts\/101","targetHints":{"allow":["GET"]}}],"collection":[{"href":"https:\/\/gruene-emsland-mitte.de\/index.php?rest_route=\/wp\/v2\/posts"}],"about":[{"href":"https:\/\/gruene-emsland-mitte.de\/index.php?rest_route=\/wp\/v2\/types\/post"}],"author":[{"embeddable":true,"href":"https:\/\/gruene-emsland-mitte.de\/index.php?rest_route=\/wp\/v2\/users\/1"}],"replies":[{"embeddable":true,"href":"https:\/\/gruene-emsland-mitte.de\/index.php?rest_route=%2Fwp%2Fv2%2Fcomments&post=101"}],"version-history":[{"count":4,"href":"https:\/\/gruene-emsland-mitte.de\/index.php?rest_route=\/wp\/v2\/posts\/101\/revisions"}],"predecessor-version":[{"id":104,"href":"https:\/\/gruene-emsland-mitte.de\/index.php?rest_route=\/wp\/v2\/posts\/101\/revisions\/104"}],"wp:attachment":[{"href":"https:\/\/gruene-emsland-mitte.de\/index.php?rest_route=%2Fwp%2Fv2%2Fmedia&parent=101"}],"wp:term":[{"taxonomy":"category","embeddable":true,"href":"https:\/\/gruene-emsland-mitte.de\/index.php?rest_route=%2Fwp%2Fv2%2Fcategories&post=101"},{"taxonomy":"post_tag","embeddable":true,"href":"https:\/\/gruene-emsland-mitte.de\/index.php?rest_route=%2Fwp%2Fv2%2Ftags&post=101"}],"curies":[{"name":"wp","href":"https:\/\/api.w.org\/{rel}","templated":true}]}}