{"id":107,"date":"2012-11-21T13:15:55","date_gmt":"2012-11-21T13:15:55","guid":{"rendered":"http:\/\/die-gruenen-meppen.de\/?p=107"},"modified":"2012-11-21T13:15:55","modified_gmt":"2012-11-21T13:15:55","slug":"offentliche-informations-und-diskussionsveranstaltung-zur-e233","status":"publish","type":"post","link":"https:\/\/gruene-emsland-mitte.de\/?p=107","title":{"rendered":"\u00d6ffentliche Informations- und Diskussionsveranstaltung zur E233"},"content":{"rendered":"<p>Die B\u00fcrgerinitiative Autobahn B213 Nein! und B\u00fcndnis 90\/Die Gr\u00fcnen, Kreisverband Emsland, laden ein zu \u00f6ffentlichen Informations- und Diskussionsveranstaltung am Mittwoch, 28.11.2012, ab 19 Uhr im Kossehof in Meppen.<\/p>\n<p>Wir stellen neue Zahlen, Daten und Fakten vor und m\u00f6chten mit den Anwesenden nicht \u00fcber das Wie des Ausbaus diskutieren, sondern \u00fcber das Ob. Die Ausbau-Bef\u00fcrworter in der Politik haben sich einer sachlichen Diskussion \u00fcber die Notwendigk<\/p>\n<div>eit des Ausbaus immer verweigert, teilt dazu Ulf Dunkel, Sprecher der B\u00fcrgerinitiative mit.<\/p>\n<p>Neben Ulf Dunkel wird als weiterer Redner Norbert Knape, Kreistagsmitglied und Gr\u00fcner Landtagskandidat f\u00fcr den Wahlkreis 81, die wirtschaftliche Entwicklung und Situation des Emslandes vorstellen, die mit dem gew\u00fcnschten Stra\u00dfenausbau immer wieder in Zusammenhang gebracht wird. Sprecher der B\u00fcrgerinitiative Bokeloh sind ebenfalls angefragt, ihren aktuellen Standpunkt zum geplanten Stra\u00dfenausbau darzustellen.<\/p>\n<p>Die Veranstalter laden alle Anlieger und Interessierten ein, an dieser ersten Veranstaltung der B\u00fcrgerinitiative Autobahn B213 Nein! in Meppen teilzunehmen. Wichtige Themen wie das seit langem geforderte Durchfahrtverbot, die Situation f\u00fcr Landwirte und Grundst\u00fcckseigent\u00fcmer sowie die Kosten und Finanzierbarkeit sind weitere Punkte der Tagesordnung.<\/p><\/div>\n","protected":false},"excerpt":{"rendered":"<p>Die B\u00fcrgerinitiative Autobahn B213 Nein! und B\u00fcndnis 90\/Die Gr\u00fcnen, Kreisverband Emsland, laden ein zu \u00f6ffentlichen Informations- und Diskussionsveranstaltung am Mittwoch, 28.11.2012, ab 19 Uhr im Kossehof in Meppen. Wir stellen [&hellip;]<\/p>\n","protected":false},"author":-1,"featured_media":0,"comment_status":"open","ping_status":"open","sticky":false,"template":"","format":"standard","meta":{"footnotes":""},"categories":[3],"tags":[],"class_list":["post-107","post","type-post","status-publish","format-standard","hentry","category-allgemein"],"_links":{"self":[{"href":"https:\/\/gruene-emsland-mitte.de\/index.php?rest_route=\/wp\/v2\/posts\/107","targetHints":{"allow":["GET"]}}],"collection":[{"href":"https:\/\/gruene-emsland-mitte.de\/index.php?rest_route=\/wp\/v2\/posts"}],"about":[{"href":"https:\/\/gruene-emsland-mitte.de\/index.php?rest_route=\/wp\/v2\/types\/post"}],"author":[{"embeddable":true,"href":"https:\/\/gruene-emsland-mitte.de\/index.php?rest_route=\/wp\/v2\/users\/1"}],"replies":[{"embeddable":true,"href":"https:\/\/gruene-emsland-mitte.de\/index.php?rest_route=%2Fwp%2Fv2%2Fcomments&post=107"}],"version-history":[{"count":2,"href":"https:\/\/gruene-emsland-mitte.de\/index.php?rest_route=\/wp\/v2\/posts\/107\/revisions"}],"predecessor-version":[{"id":109,"href":"https:\/\/gruene-emsland-mitte.de\/index.php?rest_route=\/wp\/v2\/posts\/107\/revisions\/109"}],"wp:attachment":[{"href":"https:\/\/gruene-emsland-mitte.de\/index.php?rest_route=%2Fwp%2Fv2%2Fmedia&parent=107"}],"wp:term":[{"taxonomy":"category","embeddable":true,"href":"https:\/\/gruene-emsland-mitte.de\/index.php?rest_route=%2Fwp%2Fv2%2Fcategories&post=107"},{"taxonomy":"post_tag","embeddable":true,"href":"https:\/\/gruene-emsland-mitte.de\/index.php?rest_route=%2Fwp%2Fv2%2Ftags&post=107"}],"curies":[{"name":"wp","href":"https:\/\/api.w.org\/{rel}","templated":true}]}}