{"id":1150,"date":"2019-07-25T12:25:34","date_gmt":"2019-07-25T12:25:34","guid":{"rendered":"https:\/\/die-gruenen-meppen.de\/?p=1150"},"modified":"2019-07-25T12:28:22","modified_gmt":"2019-07-25T12:28:22","slug":"in-eigener-sache","status":"publish","type":"post","link":"https:\/\/gruene-emsland-mitte.de\/?p=1150","title":{"rendered":"In eigener Sache"},"content":{"rendered":"\n<p>Unsere Homepage besteht nun seit \u00fcber 3000 Tagen, Zeit um\nunser Layout zu erneuern. Wir haben unserer Seite auch neue Inhalte zugef\u00fcgt,\nwie Steckbriefe unserer Mandatstr\u00e4ger und die von uns eingebrachten Antr\u00e4ge im\nMeppener Stadtrat.<\/p>\n\n\n\n<p>Weiterhin haben wir die M\u00f6glichkeit Nachrichten und\nBemerkungen zu hinterlassen auf der Seite&nbsp;\n\u201eDiskussionen\u201c zusammengefasst. Diese m\u00fcssen bei noch nicht bekannten\nKommentatoren zuerst von den Redakteuren unserer Seite &nbsp;freigeschaltet werden. Das sehen als\ngeeignetes Mittel an, um etwa Beleidigungen, etc. zu unterbinden. Also nicht\nwundern, wenn Nachrichten nicht sofort sichtbar sind.<\/p>\n\n\n\n<p>F\u00fcr die Gr\u00fcnen Emsland-Mitte haben wir zudem eine eigene\nSeite bei Facebook, auf der wir gr\u00fcne Inhalte teilen.<\/p>\n\n\n\n<p>Sie k\u00f6nnen nat\u00fcrlich aber auch jederzeit Nachrichten an uns\nper E-Mail schicken. Einige unserer Mandatstr\u00e4ger sind auch telefonisch\nerreichbar. Diese Daten sind in den jeweiligen Steckbriefen zu finden.<\/p>\n","protected":false},"excerpt":{"rendered":"<p>Unsere Homepage besteht nun seit \u00fcber 3000 Tagen, Zeit um unser Layout zu erneuern. Wir haben unserer Seite auch neue Inhalte zugef\u00fcgt, wie Steckbriefe unserer Mandatstr\u00e4ger und die von uns [&hellip;]<\/p>\n","protected":false},"author":-1,"featured_media":1153,"comment_status":"open","ping_status":"open","sticky":false,"template":"","format":"standard","meta":{"footnotes":""},"categories":[3],"tags":[],"class_list":["post-1150","post","type-post","status-publish","format-standard","has-post-thumbnail","hentry","category-allgemein"],"_links":{"self":[{"href":"https:\/\/gruene-emsland-mitte.de\/index.php?rest_route=\/wp\/v2\/posts\/1150","targetHints":{"allow":["GET"]}}],"collection":[{"href":"https:\/\/gruene-emsland-mitte.de\/index.php?rest_route=\/wp\/v2\/posts"}],"about":[{"href":"https:\/\/gruene-emsland-mitte.de\/index.php?rest_route=\/wp\/v2\/types\/post"}],"author":[{"embeddable":true,"href":"https:\/\/gruene-emsland-mitte.de\/index.php?rest_route=\/wp\/v2\/users\/1"}],"replies":[{"embeddable":true,"href":"https:\/\/gruene-emsland-mitte.de\/index.php?rest_route=%2Fwp%2Fv2%2Fcomments&post=1150"}],"version-history":[{"count":1,"href":"https:\/\/gruene-emsland-mitte.de\/index.php?rest_route=\/wp\/v2\/posts\/1150\/revisions"}],"predecessor-version":[{"id":1152,"href":"https:\/\/gruene-emsland-mitte.de\/index.php?rest_route=\/wp\/v2\/posts\/1150\/revisions\/1152"}],"wp:featuredmedia":[{"embeddable":true,"href":"https:\/\/gruene-emsland-mitte.de\/index.php?rest_route=\/wp\/v2\/media\/1153"}],"wp:attachment":[{"href":"https:\/\/gruene-emsland-mitte.de\/index.php?rest_route=%2Fwp%2Fv2%2Fmedia&parent=1150"}],"wp:term":[{"taxonomy":"category","embeddable":true,"href":"https:\/\/gruene-emsland-mitte.de\/index.php?rest_route=%2Fwp%2Fv2%2Fcategories&post=1150"},{"taxonomy":"post_tag","embeddable":true,"href":"https:\/\/gruene-emsland-mitte.de\/index.php?rest_route=%2Fwp%2Fv2%2Ftags&post=1150"}],"curies":[{"name":"wp","href":"https:\/\/api.w.org\/{rel}","templated":true}]}}