{"id":1165,"date":"2019-08-22T17:45:58","date_gmt":"2019-08-22T17:45:58","guid":{"rendered":"https:\/\/die-gruenen-meppen.de\/?p=1165"},"modified":"2019-08-22T17:46:01","modified_gmt":"2019-08-22T17:46:01","slug":"das-vernichten-von-baeumen-an-unseren-strassen-passt-das-noch-in-unsere-welt-wir-gruenen-sind-der-meinung-nein","status":"publish","type":"post","link":"https:\/\/gruene-emsland-mitte.de\/?p=1165","title":{"rendered":"Das Vernichten von B\u00e4umen an unseren Stra\u00dfen. Passt das noch in unsere Welt? Wir Gr\u00fcnen sind der Meinung  NEIN!"},"content":{"rendered":"\n<p>Der\nKlimaver\u00e4nderung ist real. Es wird erwartet, dass unser aller Wetter in Meppen\nw\u00e4rmer und trockener wird. Wir als Menschen sind hier direkt und indirekt von\nbetroffen. Wir m\u00fcssen daher reagieren, zu lange haben wir nicht genug getan.<\/p>\n\n\n\n<p>B\u00e4ume\nleisten hier einen sehr wichtigen Beitrag zum einen, da sie der Luft CO2\nentziehen. Wichtiger f\u00fcr uns direkt aber ist, dass B\u00e4ume Schatten spenden und\ndurch ihre Verdunstung hohe Temperaturen in St\u00e4dten reduzieren k\u00f6nnen. Das\nbringt f\u00fcr uns einen direkten Nutzen.<\/p>\n\n\n\n<p>Vielerorts\nhat man das erkannt und arbeitet daran mehr Pflanzen und B\u00e4ume in die St\u00e4dte zu\nbringen. So dass die direkten Folgen der Klimaver\u00e4nderungen ertr\u00e4glicher\nwerden.<\/p>\n\n\n\n<p> In Meppen gehen wir leider den komplett anderen Weg. Wir bebauen so eng, dass ein Baum noch nicht mal ausreichend Platz h\u00e4tte. Au\u00dferdem sind wir noch damit besch\u00e4ftigt gro\u00dfe B\u00e4ume zu f\u00e4llen und nicht neue zu pflanzen.<\/p>\n\n\n\n<p>Wir\nbrauchen ein Meppen, das lebenswert ist. Auch noch in 10, 30, 50 Jahren.<\/p>\n\n\n\n<p>Es wird\nZeit unsere Politik zu ver\u00e4ndern, und nicht nur die n\u00e4chsten Wahlen im Blick zu\nhaben. Ein Baum ist in Minuten gef\u00e4llt, braucht aber mehrere Jahrzehnte um eine\nstattliche Gr\u00f6\u00dfe zu erreichen.<\/p>\n","protected":false},"excerpt":{"rendered":"<p>Der Klimaver\u00e4nderung ist real. Es wird erwartet, dass unser aller Wetter in Meppen w\u00e4rmer und trockener wird. Wir als Menschen sind hier direkt und indirekt von betroffen. Wir m\u00fcssen daher [&hellip;]<\/p>\n","protected":false},"author":-1,"featured_media":1169,"comment_status":"open","ping_status":"open","sticky":false,"template":"","format":"standard","meta":{"footnotes":""},"categories":[17,26],"tags":[13],"class_list":["post-1165","post","type-post","status-publish","format-standard","has-post-thumbnail","hentry","category-emsland-mitte","category-meppen","tag-baumfaellungen"],"_links":{"self":[{"href":"https:\/\/gruene-emsland-mitte.de\/index.php?rest_route=\/wp\/v2\/posts\/1165","targetHints":{"allow":["GET"]}}],"collection":[{"href":"https:\/\/gruene-emsland-mitte.de\/index.php?rest_route=\/wp\/v2\/posts"}],"about":[{"href":"https:\/\/gruene-emsland-mitte.de\/index.php?rest_route=\/wp\/v2\/types\/post"}],"author":[{"embeddable":true,"href":"https:\/\/gruene-emsland-mitte.de\/index.php?rest_route=\/wp\/v2\/users\/1"}],"replies":[{"embeddable":true,"href":"https:\/\/gruene-emsland-mitte.de\/index.php?rest_route=%2Fwp%2Fv2%2Fcomments&post=1165"}],"version-history":[{"count":2,"href":"https:\/\/gruene-emsland-mitte.de\/index.php?rest_route=\/wp\/v2\/posts\/1165\/revisions"}],"predecessor-version":[{"id":1170,"href":"https:\/\/gruene-emsland-mitte.de\/index.php?rest_route=\/wp\/v2\/posts\/1165\/revisions\/1170"}],"wp:featuredmedia":[{"embeddable":true,"href":"https:\/\/gruene-emsland-mitte.de\/index.php?rest_route=\/wp\/v2\/media\/1169"}],"wp:attachment":[{"href":"https:\/\/gruene-emsland-mitte.de\/index.php?rest_route=%2Fwp%2Fv2%2Fmedia&parent=1165"}],"wp:term":[{"taxonomy":"category","embeddable":true,"href":"https:\/\/gruene-emsland-mitte.de\/index.php?rest_route=%2Fwp%2Fv2%2Fcategories&post=1165"},{"taxonomy":"post_tag","embeddable":true,"href":"https:\/\/gruene-emsland-mitte.de\/index.php?rest_route=%2Fwp%2Fv2%2Ftags&post=1165"}],"curies":[{"name":"wp","href":"https:\/\/api.w.org\/{rel}","templated":true}]}}