{"id":1177,"date":"2019-08-25T17:23:37","date_gmt":"2019-08-25T17:23:37","guid":{"rendered":"https:\/\/die-gruenen-meppen.de\/?p=1177"},"modified":"2019-08-25T17:25:02","modified_gmt":"2019-08-25T17:25:02","slug":"die-geplante-e-233-befeuert-die-klimakrise-auch-bei-uns-im-emsland","status":"publish","type":"post","link":"https:\/\/gruene-emsland-mitte.de\/?p=1177","title":{"rendered":"\u201eDie geplante E 233 befeuert die Klimakrise auch bei uns im Emsland\u201c"},"content":{"rendered":"\n<p>Zu einer \u00a0&#8211; von der Stadt Meppen unter Auflagen &#8211; genehmigten spontanen Demonstration fanden sich am Samstag rund 30 B\u00fcrgerinnen und B\u00fcrger am Schlagbr\u00fcckener See (M\u00f6llersee) im Stadtteil Neustadt ein. Das j\u00fcngste Ortsverbands-Treffen der Gr\u00fcnen hatte zuvor unter dem Motto \u201eWillkommensparty f\u00fcr die Neuen\u201c stattgefunden. Dort wurde die Idee geboren, die B\u00fcrgerinitiative gegen die E 233 durch eine Aktion zu\u00a0 unterst\u00fctzen. Mehrere Redner bekr\u00e4ftigten ihr Kritik an den Ausbaupl\u00e4nen. \u201eWir beklagen, dass die Strecke den gegenw\u00e4rtigen Badestrand g\u00e4nzlich \u00fcberlagern wird \u2013 die relative Ruhe hier vor Ort wird vorbei sein &#8211; egal, ob es den Strand an anderer Stelle wieder geben wird\u201c, beklagte Renate Caill\u00e9. Der gr\u00fcne Fraktionsvorsitzende Martin Tecklenburg dankte allen, die sich mutig in \u201eWort, Tat und Schrift\u201c gegen das unselige Projekt der Beh\u00f6rden \u00a0einsetzten. Er bezeichnete die Pl\u00e4ne des Landkreises\u00a0 in einem Atemzug mit den Pl\u00e4nen der Stadt Meppen, die Firma Mayrose auf einer m\u00f6glichen \u00a0Baulandfl\u00e4che anzusiedeln, als verfehlt. Tecklenburg forderte die Stadt auf, auch die Gesamtstrategie bez\u00fcglich des Esterfelder Grundschulstandortes auf Null zu stellen und ganz schnell neu zu planen. <\/p>\n\n\n\n<p>Vorstandssprecher Carsten\nKeetz monierte, dass das \u00fcber eine Milliarde teure Bauprojekt der E 233 auch\ndie Klimakrise im Emsland weiter befeuere und nannte den Ausbau angesichts der\nKosten und Nachteile unverantwortlich.<\/p>\n","protected":false},"excerpt":{"rendered":"<p>Zu einer \u00a0&#8211; von der Stadt Meppen unter Auflagen &#8211; genehmigten spontanen Demonstration fanden sich am Samstag rund 30 B\u00fcrgerinnen und B\u00fcrger am Schlagbr\u00fcckener See (M\u00f6llersee) im Stadtteil Neustadt ein. [&hellip;]<\/p>\n","protected":false},"author":-1,"featured_media":1178,"comment_status":"open","ping_status":"open","sticky":false,"template":"","format":"standard","meta":{"footnotes":""},"categories":[17,26],"tags":[28,25],"class_list":["post-1177","post","type-post","status-publish","format-standard","has-post-thumbnail","hentry","category-emsland-mitte","category-meppen","tag-e233","tag-verkehr"],"_links":{"self":[{"href":"https:\/\/gruene-emsland-mitte.de\/index.php?rest_route=\/wp\/v2\/posts\/1177","targetHints":{"allow":["GET"]}}],"collection":[{"href":"https:\/\/gruene-emsland-mitte.de\/index.php?rest_route=\/wp\/v2\/posts"}],"about":[{"href":"https:\/\/gruene-emsland-mitte.de\/index.php?rest_route=\/wp\/v2\/types\/post"}],"author":[{"embeddable":true,"href":"https:\/\/gruene-emsland-mitte.de\/index.php?rest_route=\/wp\/v2\/users\/1"}],"replies":[{"embeddable":true,"href":"https:\/\/gruene-emsland-mitte.de\/index.php?rest_route=%2Fwp%2Fv2%2Fcomments&post=1177"}],"version-history":[{"count":2,"href":"https:\/\/gruene-emsland-mitte.de\/index.php?rest_route=\/wp\/v2\/posts\/1177\/revisions"}],"predecessor-version":[{"id":1180,"href":"https:\/\/gruene-emsland-mitte.de\/index.php?rest_route=\/wp\/v2\/posts\/1177\/revisions\/1180"}],"wp:featuredmedia":[{"embeddable":true,"href":"https:\/\/gruene-emsland-mitte.de\/index.php?rest_route=\/wp\/v2\/media\/1178"}],"wp:attachment":[{"href":"https:\/\/gruene-emsland-mitte.de\/index.php?rest_route=%2Fwp%2Fv2%2Fmedia&parent=1177"}],"wp:term":[{"taxonomy":"category","embeddable":true,"href":"https:\/\/gruene-emsland-mitte.de\/index.php?rest_route=%2Fwp%2Fv2%2Fcategories&post=1177"},{"taxonomy":"post_tag","embeddable":true,"href":"https:\/\/gruene-emsland-mitte.de\/index.php?rest_route=%2Fwp%2Fv2%2Ftags&post=1177"}],"curies":[{"name":"wp","href":"https:\/\/api.w.org\/{rel}","templated":true}]}}