{"id":118,"date":"2012-12-11T22:27:27","date_gmt":"2012-12-11T22:27:27","guid":{"rendered":"http:\/\/die-gruenen-meppen.de\/?p=118"},"modified":"2012-12-11T22:27:27","modified_gmt":"2012-12-11T22:27:27","slug":"grune-stellungnahme-zur-masttierhaltung-in-meppen","status":"publish","type":"post","link":"https:\/\/gruene-emsland-mitte.de\/?p=118","title":{"rendered":"Gr\u00fcne Stellungnahme zur Masttierhaltung in Meppen"},"content":{"rendered":"<p>(von Stadtrat Herbert L\u00fcgering im Bauausschuss\u00a0 am 10.12.12 gehalten)<\/p>\n<p>Vor einigen Wochen wurde hier das Klimaschutzkonzept 20-20-20 vorgestellt , dass u.a. die Verringerung des CO 2 Ausstosses zum Ziel hat. Es wurden etliche Ma\u00dfnahmen vorgestellt und erl\u00e4utert, die allesamt gro\u00dfe Zustimmung fanden. Alles in allem ein Konzept, dass unbedingt verwirklicht werden sollte und bei dem wir dabei \u00a0immer das Ziel vor Augen haben sollten.<\/p>\n<p>Wenn ich mir allerdings die Genehmigungspraxis der Stadt Meppen f\u00fcr die hiesige Landwirtschaft anschaue, \u00fcberkommen mich doch ziemliche Zweifel. \u00a0Die massive und intensive Tier bzw. Masttierhaltung , gerade bei Rindern , K\u00fchen und Mastbullen f\u00fchrt zu einer enormen Kohlendioxidbelastung, die vielen so gar nicht \u00a0bewusst ist. So wird f\u00fcr jedes erzeugte Kilogramm Rindfleisch 36 kg CO 2 produziert, was in der Summe bei einem 3- j\u00e4hrigen Tier den CO2 Aussto\u00df von einem VW Golf mit einer gefahrenen Leistung von 90 000 Km entspricht. Bei den jetzt anstehenden Erweiterungen entspricht das ungef\u00e4hr einer Gesamtleistung\u00a0 von 18 Millionen Kilometern. Und da wir ja gern global denken, k\u00f6nnten wir bei dieser Rechnung \u00a0mit einem Golf fast 500 Mal die Erde umrunden.<\/p>\n<p>Und wie viel \u00a0Hektar Mais m\u00fcssen angebaut werden, das wiederum als Kraftfutter verwendet wird? Gerade die F\u00fctterung mit Kraftfutter verursacht im Vergleich mit Weidegras eine Steigerung von CO2 um ca. 60 Prozent!<\/p>\n<p>Wir von den Gr\u00fcnen sind der Meinung, dass die Landwirtschaft k\u00fcnftig ein Teil des Klimaschutzkonzepts , und vor allem der Klimaziele sein muss. St\u00e4ndig auf die Entwicklungsm\u00f6glichkeiten der Landwirte hinzuweisen, bringt uns diesem\u00a0 Ziel nicht n\u00e4her sondern immer entfernter. Es nutzt doch nichts, hier und da ein paar Elektroautos auf die Stra\u00dfe zu bringen, wenn an anderer Stelle genau das Gegenteil gemacht wird.<\/p>\n<p>Schauen Sie sich die Unterlagen der 3. Sitzung des Ausschusses Klima, Umwelt , Sicherheit und Feuerwehr an.\u00a0 Darin hei\u00dft es w\u00f6rtlich:<\/p>\n<p>Ziel: Klimaschutz durch CO2 Reduzierung<\/p>\n<p>Im n\u00e4chsten Satz:<\/p>\n<p>Dabei ist <span style=\"text-decoration: underline\">jeder<\/span> \u00a0gefordert mitzumachen!<\/p>\n<p>Ansprechpartner: Baudirektor Dieter M\u00fcller<\/p>\n<p>&nbsp;<\/p>\n<p>Herr M\u00fcller, auf uns k\u00f6nnen Sie sich verlassen, wir wollen keine Zunahme der CO 2 Belastung und lehnen daher alle neuen Antr\u00e4ge ab, die Ihrem Konzept zuwiderlaufen und der Bev\u00f6lkerung in Meppen und Umgebung nicht dienlich sind.<\/p>\n","protected":false},"excerpt":{"rendered":"<p>(von Stadtrat Herbert L\u00fcgering im Bauausschuss\u00a0 am 10.12.12 gehalten) Vor einigen Wochen wurde hier das Klimaschutzkonzept 20-20-20 vorgestellt , dass u.a. die Verringerung des CO 2 Ausstosses zum Ziel hat. [&hellip;]<\/p>\n","protected":false},"author":-1,"featured_media":0,"comment_status":"open","ping_status":"open","sticky":false,"template":"","format":"standard","meta":{"footnotes":""},"categories":[3],"tags":[],"class_list":["post-118","post","type-post","status-publish","format-standard","hentry","category-allgemein"],"_links":{"self":[{"href":"https:\/\/gruene-emsland-mitte.de\/index.php?rest_route=\/wp\/v2\/posts\/118","targetHints":{"allow":["GET"]}}],"collection":[{"href":"https:\/\/gruene-emsland-mitte.de\/index.php?rest_route=\/wp\/v2\/posts"}],"about":[{"href":"https:\/\/gruene-emsland-mitte.de\/index.php?rest_route=\/wp\/v2\/types\/post"}],"author":[{"embeddable":true,"href":"https:\/\/gruene-emsland-mitte.de\/index.php?rest_route=\/wp\/v2\/users\/2"}],"replies":[{"embeddable":true,"href":"https:\/\/gruene-emsland-mitte.de\/index.php?rest_route=%2Fwp%2Fv2%2Fcomments&post=118"}],"version-history":[{"count":2,"href":"https:\/\/gruene-emsland-mitte.de\/index.php?rest_route=\/wp\/v2\/posts\/118\/revisions"}],"predecessor-version":[{"id":120,"href":"https:\/\/gruene-emsland-mitte.de\/index.php?rest_route=\/wp\/v2\/posts\/118\/revisions\/120"}],"wp:attachment":[{"href":"https:\/\/gruene-emsland-mitte.de\/index.php?rest_route=%2Fwp%2Fv2%2Fmedia&parent=118"}],"wp:term":[{"taxonomy":"category","embeddable":true,"href":"https:\/\/gruene-emsland-mitte.de\/index.php?rest_route=%2Fwp%2Fv2%2Fcategories&post=118"},{"taxonomy":"post_tag","embeddable":true,"href":"https:\/\/gruene-emsland-mitte.de\/index.php?rest_route=%2Fwp%2Fv2%2Ftags&post=118"}],"curies":[{"name":"wp","href":"https:\/\/api.w.org\/{rel}","templated":true}]}}