{"id":1207,"date":"2019-09-15T20:07:25","date_gmt":"2019-09-15T20:07:25","guid":{"rendered":"https:\/\/die-gruenen-meppen.de\/?p=1207"},"modified":"2019-09-20T19:20:05","modified_gmt":"2019-09-20T19:20:05","slug":"bald-weniger-steingaerten-in-meppen","status":"publish","type":"post","link":"https:\/\/gruene-emsland-mitte.de\/?p=1207","title":{"rendered":"Bald weniger Steing\u00e4rten in Meppen?"},"content":{"rendered":"\n<h4 class=\"wp-block-heading\">Die Gr\u00fcnen Emsland-Mitte begr\u00fc\u00dfen die Initiative der Stadt\nMeppen zur Reduzierung von Steing\u00e4rten bei Neubauten<\/h4>\n\n\n\n<p>Die Stadt Meppen verteilt seit Kurzem mit genehmigten Bauantr\u00e4gen Infoflyer f\u00fcr eine naturnahe Gestaltung von G\u00e4rten. Diese Initiative finden wir als Gr\u00fcne grunds\u00e4tzlich gut. Sie greift dabei unsere Antr\u00e4ge in den st\u00e4dtischen Gremien auf von Beginn 2018 und einen gestellten Antrag von Mai 2019 auf.<\/p>\n\n\n\n<p>Unsere Antr\u00e4ge gingen allerdings weiter. Wir finden eine\nVerpflichtung zur naturnahen Gestaltung der G\u00e4rten sinnvoll. Wie auch \u00a79 der\nNds. Bauordnung die Begr\u00fcnung von nicht bebauten Fl\u00e4chen vorschreibt, sofern sie\nnicht Zufahrten oder Stellpl\u00e4tze sind.<\/p>\n\n\n\n<p>Die Stadt Meppen h\u00e4lt eine freiwillige L\u00f6sung f\u00fcr ausreichend.\nSie argumentiert dabei, dass man den Bauherren nicht alles vorschreiben sollte.\nWer einmal eine Baugenehmigung\/Bebauungsplan in den H\u00e4nden hielt, d\u00fcrfte das\nals schlechten Witz empfinden. Beispiele f\u00fcr detaillierte Bebauungspl\u00e4ne&nbsp; sind ausreichend online im Meppener\nRatsinformationssystem zu finden.<\/p>\n\n\n\n<p>Wir als Gr\u00fcne Emsland-Mitte haben nichts gegen naturnah\nausgef\u00fchrte Steing\u00e4rten, mit einer entsprechenden Bepflanzung. Hier k\u00f6nnen dann\nauch viele Insekten leben. Die Versickerung des Regens funktioniert hier\nebenfalls, dadurch wird unser aller Grundwasser wieder aufgef\u00fcllt.<\/p>\n\n\n\n<p>Wir als Gr\u00fcnen sind allerdings gegen \u201eSteinw\u00fcsten\u201c, wie man sie im Stadtbild leider immer mehr sieht.<\/p>\n\n\n\n<p>Link:&nbsp;&nbsp;&nbsp; <a href=\"https:\/\/www.meppen.de\/portal\/meldungen\/stadt-gibt-tipps-zum-wohlfuehlgarten-fuer-bienen-co--900001519-24701.html?rubrik=900000003\">Meldung der Stadt Meppen<\/a><\/p>\n","protected":false},"excerpt":{"rendered":"<p>Die Gr\u00fcnen Emsland-Mitte begr\u00fc\u00dfen die Initiative der Stadt Meppen zur Reduzierung von Steing\u00e4rten bei Neubauten Die Stadt Meppen verteilt seit Kurzem mit genehmigten Bauantr\u00e4gen Infoflyer f\u00fcr eine naturnahe Gestaltung von [&hellip;]<\/p>\n","protected":false},"author":-1,"featured_media":0,"comment_status":"open","ping_status":"open","sticky":false,"template":"","format":"standard","meta":{"footnotes":""},"categories":[17,26],"tags":[39,45],"class_list":["post-1207","post","type-post","status-publish","format-standard","hentry","category-emsland-mitte","category-meppen","tag-naturnahes-bauen","tag-steingaerten"],"_links":{"self":[{"href":"https:\/\/gruene-emsland-mitte.de\/index.php?rest_route=\/wp\/v2\/posts\/1207","targetHints":{"allow":["GET"]}}],"collection":[{"href":"https:\/\/gruene-emsland-mitte.de\/index.php?rest_route=\/wp\/v2\/posts"}],"about":[{"href":"https:\/\/gruene-emsland-mitte.de\/index.php?rest_route=\/wp\/v2\/types\/post"}],"author":[{"embeddable":true,"href":"https:\/\/gruene-emsland-mitte.de\/index.php?rest_route=\/wp\/v2\/users\/1"}],"replies":[{"embeddable":true,"href":"https:\/\/gruene-emsland-mitte.de\/index.php?rest_route=%2Fwp%2Fv2%2Fcomments&post=1207"}],"version-history":[{"count":4,"href":"https:\/\/gruene-emsland-mitte.de\/index.php?rest_route=\/wp\/v2\/posts\/1207\/revisions"}],"predecessor-version":[{"id":1212,"href":"https:\/\/gruene-emsland-mitte.de\/index.php?rest_route=\/wp\/v2\/posts\/1207\/revisions\/1212"}],"wp:attachment":[{"href":"https:\/\/gruene-emsland-mitte.de\/index.php?rest_route=%2Fwp%2Fv2%2Fmedia&parent=1207"}],"wp:term":[{"taxonomy":"category","embeddable":true,"href":"https:\/\/gruene-emsland-mitte.de\/index.php?rest_route=%2Fwp%2Fv2%2Fcategories&post=1207"},{"taxonomy":"post_tag","embeddable":true,"href":"https:\/\/gruene-emsland-mitte.de\/index.php?rest_route=%2Fwp%2Fv2%2Ftags&post=1207"}],"curies":[{"name":"wp","href":"https:\/\/api.w.org\/{rel}","templated":true}]}}