{"id":1219,"date":"2019-09-24T14:32:29","date_gmt":"2019-09-24T14:32:29","guid":{"rendered":"https:\/\/die-gruenen-meppen.de\/?p=1219"},"modified":"2019-09-24T14:32:32","modified_gmt":"2019-09-24T14:32:32","slug":"gruene-fordern-mehrwegkonzept-beim-sv-meppen","status":"publish","type":"post","link":"https:\/\/gruene-emsland-mitte.de\/?p=1219","title":{"rendered":"Gr\u00fcne fordern Mehrwegkonzept beim SV Meppen"},"content":{"rendered":"\n<p>Eine\nVer\u00f6ffentlichung der Deutschen Umwelthilfe zum Thema \u201e<em>Getr\u00e4nkebecher in\ndeutschen Fu\u00dfballstadien Saison 2019\/20<\/em>\u201c war der Anlass: &nbsp;Aus dieser\nTabelle ging hervor, dass noch zu viele Vereine der 1.-3. (Herren- und\nFrauen)Fu\u00dfballbundesliga auf Einwegbecher zur\u00fcckgreifen. In\neiner bundesweiten Aktion haben jetzt gr\u00fcne Politiker die betroffenen\nbundesliga-Clubs angeschrieben. \u201eWir bitten Sie daher nachdr\u00fccklich, mit Ihrem\nCaterer an dem Wechsel zu Mehrwegbechern aus Polypropylen (PP) zu arbeiten\u201c,\nhei\u00dft es im Anschreiben.<\/p>\n\n\n\n<p>Jedes Wochenende kommen in den deutschen\nFu\u00dfballstadien hunderttausende Menschen zusammen, um in den drei Profiligen\nhochklassigen Spitzensport zu erleben. Zu diesem Event geh\u00f6rt f\u00fcr viele\nselbstverst\u00e4ndlich auch die Stadionbratwurst sowie ein k\u00fchles Getr\u00e4nk. Leider\ngreifen dabei einige Vereine, bzw. ihre Caterer, nach wie vor auf Einwegbecher\nbzw. Schalen zur\u00fcck. Das Ergebnis sind immense Plastik-M\u00fcllberge, die der\nUmwelt zu schaffen machen. Auch der SV Meppen lockt an nahezu jedem zweiten\nWochenende tausende Menschen in die H\u00e4nsch Arena zu spannenden\nDrittligaspielen. Der Verein steht f\u00fcr eine umweltbewusste Ausrichtung. Die\nNutzung von Einwegbechern stehe dem allerdings kontr\u00e4r entgegen, so die Gr\u00fcnen\nin der Pressemitteilung. &nbsp;<\/p>\n\n\n\n<p>Die Vorteile seien\noffenkundig: Mehrwegbecher verzeichnen schon ab der f\u00fcnften Wiederbef\u00fcllung\neine bessere \u00d6kobilanz als die Einwegvariante. Zudem k\u00f6nnten riesige\nAbfallmengen vermieden werden und der Reinigungsaufwand im Stadion verringere\nsich betr\u00e4chtlich. \u201eDar\u00fcber hinaus gewinnt nat\u00fcrlich der SV Meppen durch sein\nEngagement f\u00fcr die Umwelt in der \u00f6ffentlichen Wahrnehmung an Zuspruch\u201c, so der\nMeppener Stadtrat Carsten Keetz, der die Aktion in Meppen begleitet. <\/p>\n","protected":false},"excerpt":{"rendered":"<p>Eine Ver\u00f6ffentlichung der Deutschen Umwelthilfe zum Thema \u201eGetr\u00e4nkebecher in deutschen Fu\u00dfballstadien Saison 2019\/20\u201c war der Anlass: &nbsp;Aus dieser Tabelle ging hervor, dass noch zu viele Vereine der 1.-3. (Herren- und [&hellip;]<\/p>\n","protected":false},"author":-1,"featured_media":0,"comment_status":"open","ping_status":"open","sticky":false,"template":"","format":"standard","meta":{"footnotes":""},"categories":[17,26],"tags":[38],"class_list":["post-1219","post","type-post","status-publish","format-standard","hentry","category-emsland-mitte","category-meppen","tag-plastikmuell"],"_links":{"self":[{"href":"https:\/\/gruene-emsland-mitte.de\/index.php?rest_route=\/wp\/v2\/posts\/1219","targetHints":{"allow":["GET"]}}],"collection":[{"href":"https:\/\/gruene-emsland-mitte.de\/index.php?rest_route=\/wp\/v2\/posts"}],"about":[{"href":"https:\/\/gruene-emsland-mitte.de\/index.php?rest_route=\/wp\/v2\/types\/post"}],"author":[{"embeddable":true,"href":"https:\/\/gruene-emsland-mitte.de\/index.php?rest_route=\/wp\/v2\/users\/1"}],"replies":[{"embeddable":true,"href":"https:\/\/gruene-emsland-mitte.de\/index.php?rest_route=%2Fwp%2Fv2%2Fcomments&post=1219"}],"version-history":[{"count":1,"href":"https:\/\/gruene-emsland-mitte.de\/index.php?rest_route=\/wp\/v2\/posts\/1219\/revisions"}],"predecessor-version":[{"id":1220,"href":"https:\/\/gruene-emsland-mitte.de\/index.php?rest_route=\/wp\/v2\/posts\/1219\/revisions\/1220"}],"wp:attachment":[{"href":"https:\/\/gruene-emsland-mitte.de\/index.php?rest_route=%2Fwp%2Fv2%2Fmedia&parent=1219"}],"wp:term":[{"taxonomy":"category","embeddable":true,"href":"https:\/\/gruene-emsland-mitte.de\/index.php?rest_route=%2Fwp%2Fv2%2Fcategories&post=1219"},{"taxonomy":"post_tag","embeddable":true,"href":"https:\/\/gruene-emsland-mitte.de\/index.php?rest_route=%2Fwp%2Fv2%2Ftags&post=1219"}],"curies":[{"name":"wp","href":"https:\/\/api.w.org\/{rel}","templated":true}]}}