{"id":133,"date":"2013-01-19T11:46:54","date_gmt":"2013-01-19T11:46:54","guid":{"rendered":"http:\/\/die-gruenen-meppen.de\/?p=133"},"modified":"2013-01-19T11:46:54","modified_gmt":"2013-01-19T11:46:54","slug":"burgerinitiative-meppen-keine-massentierstalle-in-der-nahe-von-wohngebieten","status":"publish","type":"post","link":"https:\/\/gruene-emsland-mitte.de\/?p=133","title":{"rendered":"B\u00fcrgerinitiative Meppen: Keine Massentierst\u00e4lle in der N\u00e4he von Wohngebieten!"},"content":{"rendered":"<p>B\u00fcrgerinitiative Meppen:<\/p>\n<p>Info-Abend am Dienstag, den 22. Januar 2013 im Kolpinghaus,<br \/>\nKolpingstra\u00dfe 6 in Meppen.<br \/>\nRedner: Eckehard Niemann, AbL, und Dr. Thomas Fein<br \/>\nBeginn der Veranstaltung: 19.30 Uhr.<\/p>\n<p><a href=\"http:\/\/landtag.norbert-knape.de\/wp-content\/uploads\/2013\/01\/B%C3%BCrgerinformation-Faltblatt-Druckversion.pdf\">B\u00fcrgerinformation Faltblatt<\/a><\/p>\n","protected":false},"excerpt":{"rendered":"<p>B\u00fcrgerinitiative Meppen: Info-Abend am Dienstag, den 22. Januar 2013 im Kolpinghaus, Kolpingstra\u00dfe 6 in Meppen. Redner: Eckehard Niemann, AbL, und Dr. Thomas Fein Beginn der Veranstaltung: 19.30 Uhr. B\u00fcrgerinformation Faltblatt<\/p>\n","protected":false},"author":-1,"featured_media":0,"comment_status":"open","ping_status":"open","sticky":false,"template":"","format":"standard","meta":{"footnotes":""},"categories":[3],"tags":[],"class_list":["post-133","post","type-post","status-publish","format-standard","hentry","category-allgemein"],"_links":{"self":[{"href":"https:\/\/gruene-emsland-mitte.de\/index.php?rest_route=\/wp\/v2\/posts\/133","targetHints":{"allow":["GET"]}}],"collection":[{"href":"https:\/\/gruene-emsland-mitte.de\/index.php?rest_route=\/wp\/v2\/posts"}],"about":[{"href":"https:\/\/gruene-emsland-mitte.de\/index.php?rest_route=\/wp\/v2\/types\/post"}],"author":[{"embeddable":true,"href":"https:\/\/gruene-emsland-mitte.de\/index.php?rest_route=\/wp\/v2\/users\/1"}],"replies":[{"embeddable":true,"href":"https:\/\/gruene-emsland-mitte.de\/index.php?rest_route=%2Fwp%2Fv2%2Fcomments&post=133"}],"version-history":[{"count":2,"href":"https:\/\/gruene-emsland-mitte.de\/index.php?rest_route=\/wp\/v2\/posts\/133\/revisions"}],"predecessor-version":[{"id":135,"href":"https:\/\/gruene-emsland-mitte.de\/index.php?rest_route=\/wp\/v2\/posts\/133\/revisions\/135"}],"wp:attachment":[{"href":"https:\/\/gruene-emsland-mitte.de\/index.php?rest_route=%2Fwp%2Fv2%2Fmedia&parent=133"}],"wp:term":[{"taxonomy":"category","embeddable":true,"href":"https:\/\/gruene-emsland-mitte.de\/index.php?rest_route=%2Fwp%2Fv2%2Fcategories&post=133"},{"taxonomy":"post_tag","embeddable":true,"href":"https:\/\/gruene-emsland-mitte.de\/index.php?rest_route=%2Fwp%2Fv2%2Ftags&post=133"}],"curies":[{"name":"wp","href":"https:\/\/api.w.org\/{rel}","templated":true}]}}