{"id":1388,"date":"2020-05-13T14:56:55","date_gmt":"2020-05-13T14:56:55","guid":{"rendered":"https:\/\/die-gruenen-meppen.de\/?p=1388"},"modified":"2020-05-21T19:25:45","modified_gmt":"2020-05-21T19:25:45","slug":"gruene-kritisieren-experten-in-der-verkehrs-und-unfallkommission","status":"publish","type":"post","link":"https:\/\/gruene-emsland-mitte.de\/?p=1388","title":{"rendered":"Gr\u00fcne kritisieren Experten in der Verkehrs- und Unfallkommission"},"content":{"rendered":"\n<h4 class=\"wp-block-heading\"><strong>Ratsfraktion: T\u00f6dlicher Unfall an der K229 soll&nbsp; Konsequenzen nach sich ziehen<\/strong><\/h4>\n\n\n\n<p><strong>Meppen<\/strong>. <strong>Nachdem mittlerweile zwei Menschen beim \u00dcberqueren der Dalumer Stra\u00dfe ihr Leben verloren haben, stand in einem Bericht der MT,<\/strong> <strong>dass laut der Polizei die Stra\u00dfe gut einsehbar w\u00e4re und \u00e4ltere Menschen besser kein E-Bike fahren sollten.Die Gr\u00fcnen kritisieren diese &nbsp;Aussagen sowie im Grundsatz die Arbeit der hiesigen Verkehrs- und Unfallkommission.<\/strong><\/p>\n\n\n\n<p>Das Fazit der Polizei zum t\u00f6dlichen Unfall einer Fahrradfahrerin sehen nun die Gr\u00fcnen in Meppen v\u00f6llig anders: \u201eWer die Dalumer Stra\u00dfe in H\u00f6he des Reiterhofs vom Radweg aus Richtung Marsch queren will, kann gar nicht den Verkehr, der aus Richtung Schwefingen kommt, einsehen. Es ist unm\u00f6glich, die Kurve weit genug einzusehen\u201c, meint dazu der gr\u00fcne Stadtratsabgeordnete Herbert L\u00fcgering.<\/p>\n\n\n\n<p>Dass der befragte Polizeibeamte der Meinung ist, dass \u00e4ltere Mitb\u00fcrger besser nicht das E-Bike nutzen sollten, schlage dem Fass den Boden aus. Die Gr\u00fcnen sprechen von Arroganz der Experten, den \u00e4lteren Menschen die F\u00e4higkeit des elektrischen Radfahrens abzusprechen. \u201eUnd was w\u00e4re denn so schlimm ein Tempolimit an besagter Stelle einzurichten? Vielleicht sollte man besser mal dar\u00fcber nachdenken, die Verkehrs- und Unfallkommission anders zu besetzen\u201c, kritisiert auch der gr\u00fcne Abgeordnete Carsten Keetz. Er erinnert in diesem Zusammenhang an die Weigerung desselben Ausschusses in H\u00f6he des Jugendg\u00e4stehauses und des &nbsp;Wertstoffhofes Helte dem Antrag der Meppener Gr\u00fcnen auf Tempo-Reduzierung zu folgen. Auch, dass den &nbsp;haarstr\u00e4ubenden Beobachtungen des Anwohners Hermann Bartel &nbsp;schlichtweg kein Wert beigemessen wird, emp\u00f6rt die Gr\u00fcnen. Fraktionsvorsitzender Martin Tecklenburg fordert daher,\u201c umgehend die Einrichtung eines Limits im besagten Bereich mit einem zus\u00e4tzlichen Hinweis, dass Radfahrer die Stra\u00dfe queren\u201c. Den Beteiligten an der Stra\u00dfenbau-Kommission vom Landkreis und Stadt Meppen r\u00e4t Herbert L\u00fcgering, sich einmal &#8211; abseits von Unfallauswertungen, des aktuellen Geschwindigkeitsprofils sowie durchschnittlicher&nbsp; Tagesverkehrsbelastung- &nbsp;vom gesunden Menschenverstand leiten zu lassen. Zwei tote Frauen seien an der K 229 &nbsp;mehr als nicht mehr hinnehmbar. Herbert &nbsp;L\u00fcgering: \u201eDie Raserei auf Meppener Zufahrtsstra\u00dfen muss beendet werden\u201c<\/p>\n","protected":false},"excerpt":{"rendered":"<p>Ratsfraktion: T\u00f6dlicher Unfall an der K229 soll&nbsp; Konsequenzen nach sich ziehen Meppen. Nachdem mittlerweile zwei Menschen beim \u00dcberqueren der Dalumer Stra\u00dfe ihr Leben verloren haben, stand in einem Bericht der [&hellip;]<\/p>\n","protected":false},"author":-1,"featured_media":1398,"comment_status":"open","ping_status":"open","sticky":false,"template":"","format":"standard","meta":{"footnotes":""},"categories":[26],"tags":[25],"class_list":["post-1388","post","type-post","status-publish","format-standard","has-post-thumbnail","hentry","category-meppen","tag-verkehr"],"_links":{"self":[{"href":"https:\/\/gruene-emsland-mitte.de\/index.php?rest_route=\/wp\/v2\/posts\/1388","targetHints":{"allow":["GET"]}}],"collection":[{"href":"https:\/\/gruene-emsland-mitte.de\/index.php?rest_route=\/wp\/v2\/posts"}],"about":[{"href":"https:\/\/gruene-emsland-mitte.de\/index.php?rest_route=\/wp\/v2\/types\/post"}],"author":[{"embeddable":true,"href":"https:\/\/gruene-emsland-mitte.de\/index.php?rest_route=\/wp\/v2\/users\/1"}],"replies":[{"embeddable":true,"href":"https:\/\/gruene-emsland-mitte.de\/index.php?rest_route=%2Fwp%2Fv2%2Fcomments&post=1388"}],"version-history":[{"count":2,"href":"https:\/\/gruene-emsland-mitte.de\/index.php?rest_route=\/wp\/v2\/posts\/1388\/revisions"}],"predecessor-version":[{"id":1399,"href":"https:\/\/gruene-emsland-mitte.de\/index.php?rest_route=\/wp\/v2\/posts\/1388\/revisions\/1399"}],"wp:featuredmedia":[{"embeddable":true,"href":"https:\/\/gruene-emsland-mitte.de\/index.php?rest_route=\/wp\/v2\/media\/1398"}],"wp:attachment":[{"href":"https:\/\/gruene-emsland-mitte.de\/index.php?rest_route=%2Fwp%2Fv2%2Fmedia&parent=1388"}],"wp:term":[{"taxonomy":"category","embeddable":true,"href":"https:\/\/gruene-emsland-mitte.de\/index.php?rest_route=%2Fwp%2Fv2%2Fcategories&post=1388"},{"taxonomy":"post_tag","embeddable":true,"href":"https:\/\/gruene-emsland-mitte.de\/index.php?rest_route=%2Fwp%2Fv2%2Ftags&post=1388"}],"curies":[{"name":"wp","href":"https:\/\/api.w.org\/{rel}","templated":true}]}}