{"id":1400,"date":"2020-05-22T20:28:06","date_gmt":"2020-05-22T20:28:06","guid":{"rendered":"https:\/\/die-gruenen-meppen.de\/?p=1400"},"modified":"2020-05-22T20:28:34","modified_gmt":"2020-05-22T20:28:34","slug":"keine-fahrradfreigabe-fuer-die-bahnhofstrasse","status":"publish","type":"post","link":"https:\/\/gruene-emsland-mitte.de\/?p=1400","title":{"rendered":"Keine Fahrradfreigabe f\u00fcr die Bahnhofstra\u00dfe"},"content":{"rendered":"\n<h4 class=\"wp-block-heading\">Stadtverwaltung setzt Ratsbeschluss nicht um<\/h4>\n\n\n\n<p>In der Meppener Tagespost vom 15. Mai war zu lesen, dass die Stadt Meppen\u00a0auf einen gemeinsamen Antrag der BFM\/FDP Fraktion und der Fraktion B\u00fcndnis90\/Die Gr\u00fcnen hin die Fu\u00dfg\u00e4ngerzone \u201eAm Stadtgraben\u201c f\u00fcr das ganzt\u00e4gige Befahren f\u00fcr Radfahrer freigegeben hat.<\/p>\n\n\n\n<p>In der Ratssitzung vom\u00a026.9.19 wurde allerdings mehrheitlich beschlossen, dass dies auch f\u00fcr die Bahnhofstra\u00dfe gelten soll, mit Ausnahme des Teilst\u00fccks vor der Tagespost. Im Prinzip ist das ja schon gelebte Praxis.<\/p>\n\n\n\n<p>Mit der Freigabe des Bereichs am Stadtgraben ist nur ein Teil des Stadtratsbeschlusses umgesetzt. &#8222;Da f\u00fcr den Bereich in der Bahnhofstra\u00dfe keine baulichen Ma\u00dfnahmen erfolgen m\u00fcssen, sondern nur die Schilder ausgetauscht werden brauchen&#8220;, wundern sich  die Fraktionsvorsitzenden der Gr\u00fcnen, Martin Tecklenburg, und auch Thomas Kemper von der FDP.<\/p>\n\n\n\n<p>Es ist nicht hinnehmbar, dass ohne Mitteilung oder weitergehende Beratung Stadtratsbeschl\u00fcsse, die mit gro\u00dfer Mehrheit gefasst werden im Nachhinein nicht umgesetzt werden.<\/p>\n","protected":false},"excerpt":{"rendered":"<p>Stadtverwaltung setzt Ratsbeschluss nicht um In der Meppener Tagespost vom 15. Mai war zu lesen, dass die Stadt Meppen\u00a0auf einen gemeinsamen Antrag der BFM\/FDP Fraktion und der Fraktion B\u00fcndnis90\/Die Gr\u00fcnen [&hellip;]<\/p>\n","protected":false},"author":-1,"featured_media":1401,"comment_status":"open","ping_status":"open","sticky":false,"template":"","format":"standard","meta":{"footnotes":""},"categories":[17,26],"tags":[47,25],"class_list":["post-1400","post","type-post","status-publish","format-standard","has-post-thumbnail","hentry","category-emsland-mitte","category-meppen","tag-fahrrad","tag-verkehr"],"_links":{"self":[{"href":"https:\/\/gruene-emsland-mitte.de\/index.php?rest_route=\/wp\/v2\/posts\/1400","targetHints":{"allow":["GET"]}}],"collection":[{"href":"https:\/\/gruene-emsland-mitte.de\/index.php?rest_route=\/wp\/v2\/posts"}],"about":[{"href":"https:\/\/gruene-emsland-mitte.de\/index.php?rest_route=\/wp\/v2\/types\/post"}],"author":[{"embeddable":true,"href":"https:\/\/gruene-emsland-mitte.de\/index.php?rest_route=\/wp\/v2\/users\/1"}],"replies":[{"embeddable":true,"href":"https:\/\/gruene-emsland-mitte.de\/index.php?rest_route=%2Fwp%2Fv2%2Fcomments&post=1400"}],"version-history":[{"count":2,"href":"https:\/\/gruene-emsland-mitte.de\/index.php?rest_route=\/wp\/v2\/posts\/1400\/revisions"}],"predecessor-version":[{"id":1403,"href":"https:\/\/gruene-emsland-mitte.de\/index.php?rest_route=\/wp\/v2\/posts\/1400\/revisions\/1403"}],"wp:featuredmedia":[{"embeddable":true,"href":"https:\/\/gruene-emsland-mitte.de\/index.php?rest_route=\/wp\/v2\/media\/1401"}],"wp:attachment":[{"href":"https:\/\/gruene-emsland-mitte.de\/index.php?rest_route=%2Fwp%2Fv2%2Fmedia&parent=1400"}],"wp:term":[{"taxonomy":"category","embeddable":true,"href":"https:\/\/gruene-emsland-mitte.de\/index.php?rest_route=%2Fwp%2Fv2%2Fcategories&post=1400"},{"taxonomy":"post_tag","embeddable":true,"href":"https:\/\/gruene-emsland-mitte.de\/index.php?rest_route=%2Fwp%2Fv2%2Ftags&post=1400"}],"curies":[{"name":"wp","href":"https:\/\/api.w.org\/{rel}","templated":true}]}}