{"id":141,"date":"2013-01-27T20:56:51","date_gmt":"2013-01-27T20:56:51","guid":{"rendered":"http:\/\/die-gruenen-meppen.de\/?p=141"},"modified":"2013-02-03T21:52:21","modified_gmt":"2013-02-03T21:52:21","slug":"dank-an-unsere-wahlerinnen-und-wahler","status":"publish","type":"post","link":"https:\/\/gruene-emsland-mitte.de\/?p=141","title":{"rendered":"Dank an unsere W\u00e4hlerinnen und W\u00e4hler"},"content":{"rendered":"<p>Die emsl\u00e4ndischen Gr\u00fcnen haben ein gutes Ergebnis errungen: Wir verbesserten\u00a0uns im Wahlkreis 81 von 3,8 auf 7,3 % der Zweitstimmen! In der Stadt Meppen gelang sogar ein Anstieg von 6,0 auf erstaunliche 10,9%. Das \u00fcbersteigt unsere Erwartungen.<\/p>\n<p>Bei den Erststimmen in Geeste\/Dalum konnten wir &#8211; Dank an unseren Kandidaten &#8211; von 2,9 auf \u00a09,1 zulegen.<\/p>\n<p>Neben dem Dank an die W\u00e4hlerinnen und W\u00e4hler der Gr\u00fcnen m\u00f6chten wir\u00a0uns bei unseren Mitgliedern und Freundinnen und Freunden in Meppen bedanken, die auch bei eisigem Wind zahlreich Unterst\u00fctzung boten.<\/p>\n<p>Wie schon angedeutet,\u00a0 gilt unser Dank aber auch unserem Landtags-Kandidaten <span style=\"color: #000000\">Norbert Knape<\/span>, der\u00a0durch\u00a0unerm\u00fcdlichen Einsatz, Kenntnisreichtum und Pr\u00e4senz im Wahlkampf\u00a0\u00a0f\u00fcr den Wahlkreis 81 ein hervorragendes Ergebnis errang.<\/p>\n<p>Danke Norbert !\u00a0\u00a0\u00a0<\/p>\n<p>Der Vorstand der Meppener Gr\u00fcnen<\/p>\n","protected":false},"excerpt":{"rendered":"<p>Die emsl\u00e4ndischen Gr\u00fcnen haben ein gutes Ergebnis errungen: Wir verbesserten\u00a0uns im Wahlkreis 81 von 3,8 auf 7,3 % der Zweitstimmen! In der Stadt Meppen gelang sogar ein Anstieg von 6,0 [&hellip;]<\/p>\n","protected":false},"author":-1,"featured_media":0,"comment_status":"open","ping_status":"open","sticky":false,"template":"","format":"standard","meta":{"footnotes":""},"categories":[3],"tags":[],"class_list":["post-141","post","type-post","status-publish","format-standard","hentry","category-allgemein"],"_links":{"self":[{"href":"https:\/\/gruene-emsland-mitte.de\/index.php?rest_route=\/wp\/v2\/posts\/141","targetHints":{"allow":["GET"]}}],"collection":[{"href":"https:\/\/gruene-emsland-mitte.de\/index.php?rest_route=\/wp\/v2\/posts"}],"about":[{"href":"https:\/\/gruene-emsland-mitte.de\/index.php?rest_route=\/wp\/v2\/types\/post"}],"author":[{"embeddable":true,"href":"https:\/\/gruene-emsland-mitte.de\/index.php?rest_route=\/wp\/v2\/users\/2"}],"replies":[{"embeddable":true,"href":"https:\/\/gruene-emsland-mitte.de\/index.php?rest_route=%2Fwp%2Fv2%2Fcomments&post=141"}],"version-history":[{"count":3,"href":"https:\/\/gruene-emsland-mitte.de\/index.php?rest_route=\/wp\/v2\/posts\/141\/revisions"}],"predecessor-version":[{"id":148,"href":"https:\/\/gruene-emsland-mitte.de\/index.php?rest_route=\/wp\/v2\/posts\/141\/revisions\/148"}],"wp:attachment":[{"href":"https:\/\/gruene-emsland-mitte.de\/index.php?rest_route=%2Fwp%2Fv2%2Fmedia&parent=141"}],"wp:term":[{"taxonomy":"category","embeddable":true,"href":"https:\/\/gruene-emsland-mitte.de\/index.php?rest_route=%2Fwp%2Fv2%2Fcategories&post=141"},{"taxonomy":"post_tag","embeddable":true,"href":"https:\/\/gruene-emsland-mitte.de\/index.php?rest_route=%2Fwp%2Fv2%2Ftags&post=141"}],"curies":[{"name":"wp","href":"https:\/\/api.w.org\/{rel}","templated":true}]}}