{"id":144,"date":"2013-01-28T17:35:31","date_gmt":"2013-01-28T17:35:31","guid":{"rendered":"http:\/\/die-gruenen-meppen.de\/?p=144"},"modified":"2021-08-04T09:12:25","modified_gmt":"2021-08-04T09:12:25","slug":"meppener-grune-jahrelang-grosfirmen-subventioniert","status":"publish","type":"post","link":"https:\/\/gruene-emsland-mitte.de\/?p=144","title":{"rendered":"Meppener Gr\u00fcne: \u201eJahrelang Gro\u00dffirmen subventioniert\u201c"},"content":{"rendered":"<p>Pressemitteilung:<\/p>\n<p>Die Meppener Gr\u00fcnen sind hoch erfreut \u00fcber das rege Interesse der B\u00fcrgerinnen und B\u00fcrger an einem Schutz ihrer Wohngebiete vor den Auswirkungen der Massentierhaltung. In der Veranstaltung der BI sei deutlich geworden, dass die CDU aufgefordert sei, nicht nur die Belange einzelner Landwirte sondern die Intessen aller im Blick zu haben. Einzelne haben nicht das Recht ihre Gewinne zu erh\u00f6hen, wenn dadurch der Wert der Eigenheime gesenkt und sogar die gesundheitliche Beeintr\u00e4chtigung der Anwohner in Kauf genommen werde. Zu der Kritik, die CDU sei zu der Veranstaltung nicht eingeladen worden, sagte Kreistagsmitglied Norbert Knape: &#8222;SPD, UWG und Gr\u00fcne haben sich zu Wort gemeldet. Warum haben dies die anwesenden CDU-Vertreter nicht auch getan? Haben sie auf einen roten Teppich gewartet.&#8220; Die Gr\u00fcnen kritisieren, dass die CDU jahrelang Gro\u00dffirmen wie Rothk\u00f6tter subventioniert, Versch\u00e4rfungen im Bau- und Immissionsschutz ablehnt hat und dann behautet, ihr seien im Stadtrat die H\u00e4nde gebunden. &#8222;Diese Entwicklung zur industriellen Landwirtschaft ist gemacht und gewollt. Und sie hat in Niedersachsen 60000 Arbeitspl\u00e4tze in der Landwirtschaft gekostet.&#8220; Stellt Stadtratsmitglied Carmen P\u00fcpke fest.<\/p>\n<div>Die Verharmlosung des Landwirtscgaftsvertreters in der mt,(wird noch konkretisiert) die Untersuchungen zum Antibiotikaeinsatz seien zu wenig differenziert, weisen die Gr\u00fcnen zur\u00fcck. Alle bekannten Untersuchungen zu Antibiotika k\u00e4men zu den gleichen Ergebnissen. Auch nach dem Verbot, Antibiotika als Wachstumsbeschleuniger einzusetzen, sei der Einsatz auf mehr als 1700 Tonnen pro Jahr gestiegen. Wie Norbert Knape auf der Veranstaltung bereits darlegte, stammen auch in den emsl\u00e4ndischen Krankenh\u00e4usern mehr als ein Viertel der multiresistenten Keime aus der Landwirtschaft. Diese hatte der Landkreis in einer Ausschusssitzung ver\u00f6ffentlicht. Ihre gr\u00f6\u00dfte Hoffnung legen die Gr\u00fcnen in die angek\u00fcndigten Ver\u00e4nderungen in dem Bereich, die von NRW und jetzt auch Niedersachsen geplant sind.<\/div>\n<div><a href=\"https:\/\/www.noz.de\/lokales\/meppen\/artikel\/199466\/meppener-grune-jahrelang-grossfirmen-subventioniert\" target=\"_blank\" rel=\"noopener\">Die Meppener Tagespost berichtet<\/a><\/div>\n","protected":false},"excerpt":{"rendered":"<p>Pressemitteilung: Die Meppener Gr\u00fcnen sind hoch erfreut \u00fcber das rege Interesse der B\u00fcrgerinnen und B\u00fcrger an einem Schutz ihrer Wohngebiete vor den Auswirkungen der Massentierhaltung. In der Veranstaltung der BI [&hellip;]<\/p>\n","protected":false},"author":-1,"featured_media":0,"comment_status":"open","ping_status":"open","sticky":false,"template":"","format":"standard","meta":{"footnotes":""},"categories":[3],"tags":[],"class_list":["post-144","post","type-post","status-publish","format-standard","hentry","category-allgemein"],"_links":{"self":[{"href":"https:\/\/gruene-emsland-mitte.de\/index.php?rest_route=\/wp\/v2\/posts\/144","targetHints":{"allow":["GET"]}}],"collection":[{"href":"https:\/\/gruene-emsland-mitte.de\/index.php?rest_route=\/wp\/v2\/posts"}],"about":[{"href":"https:\/\/gruene-emsland-mitte.de\/index.php?rest_route=\/wp\/v2\/types\/post"}],"author":[{"embeddable":true,"href":"https:\/\/gruene-emsland-mitte.de\/index.php?rest_route=\/wp\/v2\/users\/1"}],"replies":[{"embeddable":true,"href":"https:\/\/gruene-emsland-mitte.de\/index.php?rest_route=%2Fwp%2Fv2%2Fcomments&post=144"}],"version-history":[{"count":4,"href":"https:\/\/gruene-emsland-mitte.de\/index.php?rest_route=\/wp\/v2\/posts\/144\/revisions"}],"predecessor-version":[{"id":2009,"href":"https:\/\/gruene-emsland-mitte.de\/index.php?rest_route=\/wp\/v2\/posts\/144\/revisions\/2009"}],"wp:attachment":[{"href":"https:\/\/gruene-emsland-mitte.de\/index.php?rest_route=%2Fwp%2Fv2%2Fmedia&parent=144"}],"wp:term":[{"taxonomy":"category","embeddable":true,"href":"https:\/\/gruene-emsland-mitte.de\/index.php?rest_route=%2Fwp%2Fv2%2Fcategories&post=144"},{"taxonomy":"post_tag","embeddable":true,"href":"https:\/\/gruene-emsland-mitte.de\/index.php?rest_route=%2Fwp%2Fv2%2Ftags&post=144"}],"curies":[{"name":"wp","href":"https:\/\/api.w.org\/{rel}","templated":true}]}}