{"id":1457,"date":"2020-09-03T19:23:04","date_gmt":"2020-09-03T19:23:04","guid":{"rendered":"https:\/\/die-gruenen-meppen.de\/?p=1457"},"modified":"2020-09-03T19:23:04","modified_gmt":"2020-09-03T19:23:04","slug":"gruene-informieren-sich-zu-e-bussen","status":"publish","type":"post","link":"https:\/\/gruene-emsland-mitte.de\/?p=1457","title":{"rendered":"Gr\u00fcne informieren sich zu E-Bussen"},"content":{"rendered":"\n<h4 class=\"wp-block-heading\">&#8222;Alternativen Antrieben wird die Zukunft geh\u00f6ren&#8220;<\/h4>\n\n\n\n<p>Eine Abordnung Gr\u00fcner Mitglieder des OV Emsland-Mitte besuchten am Mittwoch die Stadtwerke Osnabr\u00fcck um sich \u00fcber den Bereich der E-Mobilit\u00e4t zu informieren.<\/p>\n\n\n\n<p>Gem\u00e4\u00df Europ\u00e4ischer Richtlinie soll sich der Anteil der alternativen Antrieb im \u00d6PNV erh\u00f6hen. So sollen etwa ab dem Jahr 2025 neue Vertr\u00e4ge mit Busunternehmen, die im \u00d6PNV fahren, nur noch m\u00f6glich sein, wenn diese in Teilen Busse mit alternativen Antrieben einsetzen.<\/p>\n\n\n\n<p>Dies war auch der der Grund des Besuchs bei den Stadtwerken Osnabr\u00fcck. Diese betreiben seit einigen Jahren einige innerst\u00e4dtische Linien mit Elektrobussen und planen dies St\u00fcck f\u00fcr St\u00fcck weiter auszubauen.<\/p>\n\n\n\n<p>&#8222;F\u00fcr uns ist wichtig zu sehen, was man alles f\u00fcr den erfolgreichen Betrieb einer solchen E-Bus-Linie ben\u00f6tigt&#8220;, merkt der Gr\u00fcne Ratsheer Carsten Keetz an.   &#8222;Alternativen Antrieben im \u00d6PNV wird die Zukunft geh\u00f6ren&#8220;, erg\u00e4nzt dazu Carlo Sander, Mitglied der Meppener Gr\u00fcnen. &#8222;Wichtig ist nun mutig voranzuschreiten um die Entwicklung zu gestalten. Hier k\u00f6nnen die Stadtwerke Osnabr\u00fcck im Bereich E-Mobilit\u00e4t ein Vorbild f\u00fcr uns sein&#8220;.<\/p>\n\n\n\n<p><\/p>\n\n\n\n<figure class=\"wp-block-embed-youtube wp-block-embed is-type-video is-provider-youtube wp-embed-aspect-16-9 wp-has-aspect-ratio\"><div class=\"wp-block-embed__wrapper\">\n\t\t<div class=\"embed-privacy-container is-disabled embed-youtube\" data-embed-id=\"oembed_8bfd40452609cb7e0e020234dcc84e11\" data-embed-provider=\"youtube\" style=\"aspect-ratio: 876\/493;\">\t\t\t\t\t\t<button type=\"button\" class=\"embed-privacy-enable screen-reader-text\">\u201eElektrobus Osnabr\u00fcck an Ladestation  360\u00b0\u201c von YouTube anzeigen<\/button>\t\t\t\t\t\t<div class=\"embed-privacy-overlay\">\t\t\t\t<div class=\"embed-privacy-inner\">\t\t\t\t\t<div class=\"embed-privacy-logo\" style=\"background-image: url(https:\/\/gruene-emsland-mitte.de\/wp-content\/plugins\/embed-privacy\/assets\/images\/embed-youtube.png?ver=1.11.1);\"><\/div>\t\t<p>\t\tHier klicken, um den Inhalt von YouTube anzuzeigen.\t\t\t\t\t<br>\t\t\t\t\tErfahre mehr in der <a href=\"https:\/\/policies.google.com\/privacy?hl=de\" target=\"_blank\">Datenschutzerkl\u00e4rung von YouTube<\/a>.\t\t<\/p>\t\t<p class=\"embed-privacy-input-wrapper\">\t\t\t<input id=\"embed-privacy-store-youtube-8bfd40452609cb7e0e020234dcc84e11\" type=\"checkbox\" value=\"1\" class=\"embed-privacy-input\" data-embed-provider=\"youtube\">\t\t\t<label for=\"embed-privacy-store-youtube-8bfd40452609cb7e0e020234dcc84e11\" class=\"embed-privacy-label\" data-embed-provider=\"youtube\">\t\t\t\tInhalt von YouTube immer anzeigen\t\t\t<\/label>\t\t<\/p>\t\t\t\t\t\t<\/div>\t\t\t\t\t\t\t\t<div class=\"embed-privacy-footer\"><span class=\"embed-privacy-url\"><a href=\"https:\/\/www.youtube.com\/watch?v=e5r-PgP_4RQ&#038;feature=share\">\u201eElektrobus Osnabr\u00fcck an Ladestation  360\u00b0\u201c direkt \u00f6ffnen<\/a><\/span><\/div>\t\t\t<\/div>\t\t\t\t\t\t<div class=\"embed-privacy-content\">\t\t\t\t<script>var _oembed_8bfd40452609cb7e0e020234dcc84e11 = '{\\\"embed\\\":\\\"&lt;iframe title=&quot;Elektrobus Osnabr&uuml;ck an Ladestation 360&deg;&quot; width=&quot;876&quot; height=&quot;493&quot; src=&quot;https:\\\\\/\\\\\/www.youtube-nocookie.com\\\\\/embed\\\\\/e5r-PgP_4RQ?feature=oembed&quot; frameborder=&quot;0&quot; allow=&quot;accelerometer; autoplay; clipboard-write; encrypted-media; gyroscope; picture-in-picture; web-share&quot; referrerpolicy=&quot;strict-origin-when-cross-origin&quot; allowfullscreen&gt;&lt;\\\\\/iframe&gt;\\\"}';<\/script>\t\t\t<\/div>\t\t<\/div>\t\t\n<\/div><\/figure>\n\n\n\n<p><\/p>\n","protected":false},"excerpt":{"rendered":"<p>&#8222;Alternativen Antrieben wird die Zukunft geh\u00f6ren&#8220; Eine Abordnung Gr\u00fcner Mitglieder des OV Emsland-Mitte besuchten am Mittwoch die Stadtwerke Osnabr\u00fcck um sich \u00fcber den Bereich der E-Mobilit\u00e4t zu informieren. Gem\u00e4\u00df Europ\u00e4ischer [&hellip;]<\/p>\n","protected":false},"author":-1,"featured_media":0,"comment_status":"open","ping_status":"open","sticky":false,"template":"","format":"standard","meta":{"footnotes":""},"categories":[17,26],"tags":[25],"class_list":["post-1457","post","type-post","status-publish","format-standard","hentry","category-emsland-mitte","category-meppen","tag-verkehr"],"_links":{"self":[{"href":"https:\/\/gruene-emsland-mitte.de\/index.php?rest_route=\/wp\/v2\/posts\/1457","targetHints":{"allow":["GET"]}}],"collection":[{"href":"https:\/\/gruene-emsland-mitte.de\/index.php?rest_route=\/wp\/v2\/posts"}],"about":[{"href":"https:\/\/gruene-emsland-mitte.de\/index.php?rest_route=\/wp\/v2\/types\/post"}],"author":[{"embeddable":true,"href":"https:\/\/gruene-emsland-mitte.de\/index.php?rest_route=\/wp\/v2\/users\/1"}],"replies":[{"embeddable":true,"href":"https:\/\/gruene-emsland-mitte.de\/index.php?rest_route=%2Fwp%2Fv2%2Fcomments&post=1457"}],"version-history":[{"count":3,"href":"https:\/\/gruene-emsland-mitte.de\/index.php?rest_route=\/wp\/v2\/posts\/1457\/revisions"}],"predecessor-version":[{"id":1461,"href":"https:\/\/gruene-emsland-mitte.de\/index.php?rest_route=\/wp\/v2\/posts\/1457\/revisions\/1461"}],"wp:attachment":[{"href":"https:\/\/gruene-emsland-mitte.de\/index.php?rest_route=%2Fwp%2Fv2%2Fmedia&parent=1457"}],"wp:term":[{"taxonomy":"category","embeddable":true,"href":"https:\/\/gruene-emsland-mitte.de\/index.php?rest_route=%2Fwp%2Fv2%2Fcategories&post=1457"},{"taxonomy":"post_tag","embeddable":true,"href":"https:\/\/gruene-emsland-mitte.de\/index.php?rest_route=%2Fwp%2Fv2%2Ftags&post=1457"}],"curies":[{"name":"wp","href":"https:\/\/api.w.org\/{rel}","templated":true}]}}