{"id":1472,"date":"2020-09-11T19:45:00","date_gmt":"2020-09-11T19:45:00","guid":{"rendered":"https:\/\/die-gruenen-meppen.de\/?p=1472"},"modified":"2020-09-10T19:23:55","modified_gmt":"2020-09-10T19:23:55","slug":"keine-schottergaerten-in-meppen","status":"publish","type":"post","link":"https:\/\/gruene-emsland-mitte.de\/?p=1472","title":{"rendered":"Keine Schotterg\u00e4rten in Meppen ?!"},"content":{"rendered":"\n<h4 class=\"wp-block-heading\">Meppener Gr\u00fcne \u00fcberrascht vom Vorsto\u00df der BfM\/FDP-Fraktion Kiesg\u00e4rten zu reduzieren.<\/h4>\n\n\n\n<p>Mit Freude und Verwunderung haben wir Mitglieder des Ortsverbandes B\u00fcndnis 90 \/ Die Gr\u00fcnen Emsland Mitte in der MT vom 07.09.2020 gelesen, dass die BfM\/FDP-Fraktion den Schotterg\u00e4rten den Kampf ansagt und dies in der n\u00e4chsten Planungs- und Bauausschuss-Sitzung am 14. September beantragen m\u00f6chte.<\/p>\n\n\n\n<p>&#8222;Selbstverst\u00e4ndlich bef\u00fcrworten wir, dass dadurch der Pflanzenwelt erm\u00f6glicht werden soll, in unserer urbanisierten Gegend besser zu \u00fcberleben, aber verwundert \u00fcber den Antrag sind wir schon&#8220;, sagt das Ratsmitglied Carsten Keetz. \u201eAber vielleicht werden Gr\u00fcne Themen mit der zeitlichen N\u00e4he zur Kommunalwahl f\u00fcr andere Parteien auf einmal interessanter.\u201c<\/p>\n\n\n\n<p>Denn vor ziemlich genau einem Jahr scheiterte noch ein \u00e4hnlicher Antrag der Gr\u00fcnen im Meppener Stadtrat. Mit verantwortlich war unter anderem auch die ablehnende Haltung der BfM\/FDP-Fraktion.<\/p>\n\n\n\n<p>So wurde der Antrag der Gr\u00fcnen von der Fraktion B\u00fcrger f\u00fcr Meppen \/ FDP mit dem Hinweis darauf, dass er ein &#8222;unverh\u00e4ltnism\u00e4\u00dfiger Eingriff in die Privatsph\u00e4re der B\u00fcrger&#8220; sei, noch vor einem Jahr abgeschmettert.<\/p>\n\n\n\n<p>Einzig die SPD zeigte sich damals interessiert, lehnte aber mit der Masse aller anderen Parteien ebenfalls ab.<\/p>\n\n\n\n<p>Die zunehmende Verschotterung vieler Vorg\u00e4rten gef\u00e4hrdet immer mehr die st\u00e4dtische Artenvielfalt. Begr\u00fcnte G\u00e4rten bieten nicht nur vielen Insekten und Tieren Lebensraum, auch spenden sie Schatten und k\u00f6nnen sich positiv bei Hitzeperioden auswirken.<\/p>\n\n\n\n<p>Wer gerne Steine im Vorgarten hat, kann zum Beispiel durch Trockenmauern Stufenbeete errichten, die vielen Pflanzen und Tieren Lebensraum bieten. Pflegeleichtigkeit kann auch durch bodenbedeckende Gr\u00fcnpflanzen realisiert werden. Und das oftmals sogar wesentlich einfacher und g\u00fcnstiger.<\/p>\n","protected":false},"excerpt":{"rendered":"<p>Meppener Gr\u00fcne \u00fcberrascht vom Vorsto\u00df der BfM\/FDP-Fraktion Kiesg\u00e4rten zu reduzieren. Mit Freude und Verwunderung haben wir Mitglieder des Ortsverbandes B\u00fcndnis 90 \/ Die Gr\u00fcnen Emsland Mitte in der MT vom [&hellip;]<\/p>\n","protected":false},"author":-1,"featured_media":0,"comment_status":"open","ping_status":"open","sticky":false,"template":"","format":"standard","meta":{"footnotes":""},"categories":[17,57],"tags":[58],"class_list":["post-1472","post","type-post","status-publish","format-standard","hentry","category-emsland-mitte","category-pressemitteilung","tag-schottergaerten"],"_links":{"self":[{"href":"https:\/\/gruene-emsland-mitte.de\/index.php?rest_route=\/wp\/v2\/posts\/1472","targetHints":{"allow":["GET"]}}],"collection":[{"href":"https:\/\/gruene-emsland-mitte.de\/index.php?rest_route=\/wp\/v2\/posts"}],"about":[{"href":"https:\/\/gruene-emsland-mitte.de\/index.php?rest_route=\/wp\/v2\/types\/post"}],"author":[{"embeddable":true,"href":"https:\/\/gruene-emsland-mitte.de\/index.php?rest_route=\/wp\/v2\/users\/1"}],"replies":[{"embeddable":true,"href":"https:\/\/gruene-emsland-mitte.de\/index.php?rest_route=%2Fwp%2Fv2%2Fcomments&post=1472"}],"version-history":[{"count":1,"href":"https:\/\/gruene-emsland-mitte.de\/index.php?rest_route=\/wp\/v2\/posts\/1472\/revisions"}],"predecessor-version":[{"id":1473,"href":"https:\/\/gruene-emsland-mitte.de\/index.php?rest_route=\/wp\/v2\/posts\/1472\/revisions\/1473"}],"wp:attachment":[{"href":"https:\/\/gruene-emsland-mitte.de\/index.php?rest_route=%2Fwp%2Fv2%2Fmedia&parent=1472"}],"wp:term":[{"taxonomy":"category","embeddable":true,"href":"https:\/\/gruene-emsland-mitte.de\/index.php?rest_route=%2Fwp%2Fv2%2Fcategories&post=1472"},{"taxonomy":"post_tag","embeddable":true,"href":"https:\/\/gruene-emsland-mitte.de\/index.php?rest_route=%2Fwp%2Fv2%2Ftags&post=1472"}],"curies":[{"name":"wp","href":"https:\/\/api.w.org\/{rel}","templated":true}]}}