{"id":150,"date":"2013-02-06T06:09:00","date_gmt":"2013-02-06T06:09:00","guid":{"rendered":"http:\/\/die-gruenen-meppen.de\/?p=150"},"modified":"2021-08-04T09:13:08","modified_gmt":"2021-08-04T09:13:08","slug":"maststalle-im-emsland-gegenwehr-bildet-sich","status":"publish","type":"post","link":"https:\/\/gruene-emsland-mitte.de\/?p=150","title":{"rendered":"Mastst\u00e4lle im Emsland &#8211; Gegenwehr bildet sich"},"content":{"rendered":"<p>Noch liegt sie in den Anf\u00e4ngen, aber sie ist ein wichtigher Schritt:<\/p>\n<p style=\"text-align: center;\">\n<a href=\"http:\/\/bimeppen.de\/\" target=\"_blank\" rel=\"noopener\"><span style=\"text-decoration: underline;\"><strong>Die Homepage der BI Meppen<\/strong><\/span><\/a><\/p>\n<p>Es war wichtig, dass mehr Informationen \u00fcber die gef\u00e4hrliche Fehlentwicklung der Mastst\u00e4lle gerade im Emsland an die \u00d6ffentlichkeit kommen. Die Gr\u00fcnen erden die weitere Entwicklung begleiten und unterst\u00fctzen.<br \/>\nFolgende Informationen gibt es zum Download:<br \/>\n<strong><a href=\"https:\/\/www.boell.de\/de\/content\/fleischatlas-daten-und-fakten-ueber-tiere-als-nahrungsmittel\" target=\"_blank\" rel=\"noopener\">Fleischatlas<\/a> <\/strong><\/p>\n<p><a href=\"http:\/\/landtag.norbert-knape.de\/wp-content\/uploads\/2013\/01\/049063048700.pdf\">Download der Untersuchung der Gr\u00fcnen<br \/>\n<\/a><\/p>\n<p><a href=\"http:\/\/landtag.norbert-knape.de\/wp-content\/uploads\/2013\/01\/130116-Tierplatzzahlen-L%C3%A4nder-und-Gesamt.pdf\">Tierplatzzahlen L\u00e4nder und Gesamt<\/a><\/p>\n<p><a href=\"http:\/\/landtag.norbert-knape.de\/wp-content\/uploads\/2013\/01\/KreiseNiedersachsen.xls\">Kreise Niedersachsen<\/a><\/p>\n","protected":false},"excerpt":{"rendered":"<p>Noch liegt sie in den Anf\u00e4ngen, aber sie ist ein wichtigher Schritt: Die Homepage der BI Meppen Es war wichtig, dass mehr Informationen \u00fcber die gef\u00e4hrliche Fehlentwicklung der Mastst\u00e4lle gerade [&hellip;]<\/p>\n","protected":false},"author":-1,"featured_media":0,"comment_status":"open","ping_status":"open","sticky":false,"template":"","format":"standard","meta":{"footnotes":""},"categories":[3],"tags":[],"class_list":["post-150","post","type-post","status-publish","format-standard","hentry","category-allgemein"],"_links":{"self":[{"href":"https:\/\/gruene-emsland-mitte.de\/index.php?rest_route=\/wp\/v2\/posts\/150","targetHints":{"allow":["GET"]}}],"collection":[{"href":"https:\/\/gruene-emsland-mitte.de\/index.php?rest_route=\/wp\/v2\/posts"}],"about":[{"href":"https:\/\/gruene-emsland-mitte.de\/index.php?rest_route=\/wp\/v2\/types\/post"}],"author":[{"embeddable":true,"href":"https:\/\/gruene-emsland-mitte.de\/index.php?rest_route=\/wp\/v2\/users\/1"}],"replies":[{"embeddable":true,"href":"https:\/\/gruene-emsland-mitte.de\/index.php?rest_route=%2Fwp%2Fv2%2Fcomments&post=150"}],"version-history":[{"count":2,"href":"https:\/\/gruene-emsland-mitte.de\/index.php?rest_route=\/wp\/v2\/posts\/150\/revisions"}],"predecessor-version":[{"id":2010,"href":"https:\/\/gruene-emsland-mitte.de\/index.php?rest_route=\/wp\/v2\/posts\/150\/revisions\/2010"}],"wp:attachment":[{"href":"https:\/\/gruene-emsland-mitte.de\/index.php?rest_route=%2Fwp%2Fv2%2Fmedia&parent=150"}],"wp:term":[{"taxonomy":"category","embeddable":true,"href":"https:\/\/gruene-emsland-mitte.de\/index.php?rest_route=%2Fwp%2Fv2%2Fcategories&post=150"},{"taxonomy":"post_tag","embeddable":true,"href":"https:\/\/gruene-emsland-mitte.de\/index.php?rest_route=%2Fwp%2Fv2%2Ftags&post=150"}],"curies":[{"name":"wp","href":"https:\/\/api.w.org\/{rel}","templated":true}]}}