{"id":1628,"date":"2021-01-11T08:26:31","date_gmt":"2021-01-11T08:26:31","guid":{"rendered":"https:\/\/die-gruenen-meppen.de\/?p=1628"},"modified":"2021-01-11T08:26:31","modified_gmt":"2021-01-11T08:26:31","slug":"die-gruenen-emsland-mitte-laden-zum-online-stammtisch","status":"publish","type":"post","link":"https:\/\/gruene-emsland-mitte.de\/?p=1628","title":{"rendered":"Die Gr\u00fcnen Emsland-Mitte laden zum Online-Stammtisch"},"content":{"rendered":"\n<p>Der Ortsverband der Gr\u00fcnen Emsland-Mitte l\u00e4dt zueinem digitalen Informationstreffen f\u00fcr B\u00fcrgerinnen und B\u00fcrger, die sich f\u00fcr gr\u00fcne Politik interessieren. Insbesondere m\u00f6chte der Ortsverband damit Menschen aus den Ortschaften Herzlake, Hasel\u00fcnne, Haren, Geeste und Twist ansprechen, denn dort sind derzeitig noch keine Ratsmitglieder der Partei B\u00fcndnis 90\/Die Gr\u00fcnen vertreten. Doch auch alle anderen, die sich im Emsland f\u00fcr Umwelt- und Klimaschutz, nachhaltige Landwirtschaft und f\u00fcr soziale Sicherheit und Solidarit\u00e4t interessieren, sind herzlich zu diesem Online-Stammtisch via Zoom eingeladen.<br>Das sich nicht real getroffen werden kann, liegt aufgrund der aktuellen Entwicklung der Pandemie auf der Hand. Aber auch ein digitales Meeting bietet viele Vorteile, denn es ist Resourcen schonend und somit auch ein gr\u00fcnes Thema. Nicht nur zeitliche Resourcen sondern auch die Anfahrt zum Treffen f\u00e4llt weg. Zudem haben ja viele Menschen gerade jetzt Zeit.<br>\u201eIm Hinblick auf die Kommunalwahl im September diesen Jahres wollen wir jetzt B\u00fcrgerinnen und B\u00fcrger aus Twist, Haren, Geeste, Hasel\u00fcnne und Herzlake motivieren, ein Mandat im Gemeinde- oder Stadtrat zu \u00fcbernehmen\u201c, so Melanie Kuipers, die Mitgliederbeauftragte des Ortsverbandes und weiter: \u201eDenn es w\u00e4re bedauerlich, wenn W\u00e4hler*innen in diesen St\u00e4dten und Gemeinden bei der Kommunalwahl im September nicht die M\u00f6glichkeit haben, ihre Stimme f\u00fcr die Gr\u00fcnen abzugeben. Ein sozial-\u00f6kologischer Politikwandel w\u00fcrde sich dadurch im mittleren Emsland weiter verz\u00f6gern. Wir haben jetzt die Zustimmung vieler Menschen hier in der Region. Das soll sich auch ab Herbst 2021 in den R\u00e4ten widerspiegeln.\u201c<\/p>\n\n\n\n<p>Das digitale Informationstreffen findet am 11. Januar um 19:00 Uhr statt. Informationen zur Teilnahme gibt es unter: https:\/\/termine.emsgruen.de<\/p>\n","protected":false},"excerpt":{"rendered":"<p>Der Ortsverband der Gr\u00fcnen Emsland-Mitte l\u00e4dt zueinem digitalen Informationstreffen f\u00fcr B\u00fcrgerinnen und B\u00fcrger, die sich f\u00fcr gr\u00fcne Politik interessieren. Insbesondere m\u00f6chte der Ortsverband damit Menschen aus den Ortschaften Herzlake, Hasel\u00fcnne, [&hellip;]<\/p>\n","protected":false},"author":-1,"featured_media":1590,"comment_status":"closed","ping_status":"open","sticky":false,"template":"","format":"standard","meta":{"footnotes":""},"categories":[57],"tags":[67,68,69,66],"class_list":["post-1628","post","type-post","status-publish","format-standard","has-post-thumbnail","hentry","category-pressemitteilung","tag-emsgruen","tag-gruenerstammtisch","tag-neumitglieder","tag-onlinestammtisch"],"_links":{"self":[{"href":"https:\/\/gruene-emsland-mitte.de\/index.php?rest_route=\/wp\/v2\/posts\/1628","targetHints":{"allow":["GET"]}}],"collection":[{"href":"https:\/\/gruene-emsland-mitte.de\/index.php?rest_route=\/wp\/v2\/posts"}],"about":[{"href":"https:\/\/gruene-emsland-mitte.de\/index.php?rest_route=\/wp\/v2\/types\/post"}],"author":[{"embeddable":true,"href":"https:\/\/gruene-emsland-mitte.de\/index.php?rest_route=\/wp\/v2\/users\/4"}],"replies":[{"embeddable":true,"href":"https:\/\/gruene-emsland-mitte.de\/index.php?rest_route=%2Fwp%2Fv2%2Fcomments&post=1628"}],"version-history":[{"count":1,"href":"https:\/\/gruene-emsland-mitte.de\/index.php?rest_route=\/wp\/v2\/posts\/1628\/revisions"}],"predecessor-version":[{"id":1629,"href":"https:\/\/gruene-emsland-mitte.de\/index.php?rest_route=\/wp\/v2\/posts\/1628\/revisions\/1629"}],"wp:featuredmedia":[{"embeddable":true,"href":"https:\/\/gruene-emsland-mitte.de\/index.php?rest_route=\/wp\/v2\/media\/1590"}],"wp:attachment":[{"href":"https:\/\/gruene-emsland-mitte.de\/index.php?rest_route=%2Fwp%2Fv2%2Fmedia&parent=1628"}],"wp:term":[{"taxonomy":"category","embeddable":true,"href":"https:\/\/gruene-emsland-mitte.de\/index.php?rest_route=%2Fwp%2Fv2%2Fcategories&post=1628"},{"taxonomy":"post_tag","embeddable":true,"href":"https:\/\/gruene-emsland-mitte.de\/index.php?rest_route=%2Fwp%2Fv2%2Ftags&post=1628"}],"curies":[{"name":"wp","href":"https:\/\/api.w.org\/{rel}","templated":true}]}}