{"id":1633,"date":"2021-01-15T16:17:32","date_gmt":"2021-01-15T16:17:32","guid":{"rendered":"https:\/\/die-gruenen-meppen.de\/?p=1633"},"modified":"2021-01-15T17:01:07","modified_gmt":"2021-01-15T17:01:07","slug":"gruene-emsland-mitte-nehmen-stellung-zum-altbau-des-kreisgymnasiums-haseluenne","status":"publish","type":"post","link":"https:\/\/gruene-emsland-mitte.de\/?p=1633","title":{"rendered":"Gr\u00fcne Emsland-Mitte nehmen Stellung zum Altbau des Kreisgymnasiums Hasel\u00fcnne"},"content":{"rendered":"\n<h2 class=\"wp-block-heading\"><\/h2>\n\n\n\n<p><\/p>\n\n\n\n<p>Die Gr\u00fcnen-Emsland-Mitte unterst\u00fctzen die Forderung, der Initiative zum Erhalt des Altbaus des Kreisgymnasiums, nach Einrichtung eines runden Tisches und Betrachtung m\u00f6glicher Alternativen zum Abriss als auch L\u00f6sungen zu finden, welche f\u00fcr beide Parteien zufriedenstellend sein k\u00f6nnten.<\/p>\n\n\n\n<p>&#8222;Sollten die Altbau-Bef\u00fcrworter*innen mit unserer Unterst\u00fctzung den Abriss vorerst aussetzen und die Konstitution eines runden Tisches einrichten k\u00f6nnen, w\u00e4re f\u00fcr uns Gr\u00fcnen eine genossenschaftliche Finanzierung des Geb\u00e4udes eine M\u00f6glichkeit&#8220;, so Vorstandsmitglied Nicolas Breer. Weiter fordern die Gr\u00fcnen-Emsland-Mitte vom Landkreis, dies mit den sonst entstandenen Kosten des Abrisses finanziell auszugleichen. So stimmte bereits das Kreistagsmitglied der Gr\u00fcnen Emsland-Mitte, Carsten Keetz, f\u00fcr den urspr\u00fcnglichen Kreistagsantrag der SPD-Fraktion zur Aussetzung des Abrisses des Altbaus. Durch eine genossenschaftliche Finanzierung k\u00f6nnten die Hasel\u00fcnner B\u00fcrger*innen sich direkt beteiligen und auch in Zukunft am Entscheidungsprozess, wie das Geb\u00e4ude weiterhin genutzt werden kann, teilhaben, so Breer weiter.<br>Die R\u00e4ume des Geb\u00e4udes seien aufgrund der zentralen Lage f\u00fcr ein Jugendb\u00fcro, Vereine, Parteien und kleinere Unternehmen sowie f\u00fcr einen Coworking Space interessant, sagte die Gr\u00fcne Hanna Clara Wiegmann. Sofern gew\u00fcnscht, sei auch eine m\u00f6gliche Verlegung des Kultur Kinos, inklusive eines behindertengerechten Zugangs, eine Option. Dies alles gelte es aber an einem Runden Tisch herauszufinden, um den Hasel\u00fcner*innen die Ideen und M\u00f6glichkeiten f\u00fcr das geschichtstr\u00e4chtige Geb\u00e4ude zu veranschaulichen und m\u00f6gliche Alternativen zum Abriss zu finden.<\/p>\n","protected":false},"excerpt":{"rendered":"<p>Die Gr\u00fcnen-Emsland-Mitte unterst\u00fctzen die Forderung, der Initiative zum Erhalt des Altbaus des Kreisgymnasiums, nach Einrichtung eines runden Tisches und Betrachtung m\u00f6glicher Alternativen zum Abriss als auch L\u00f6sungen zu finden, welche [&hellip;]<\/p>\n","protected":false},"author":-1,"featured_media":1592,"comment_status":"closed","ping_status":"closed","sticky":false,"template":"","format":"standard","meta":{"footnotes":""},"categories":[71,57],"tags":[],"class_list":["post-1633","post","type-post","status-publish","format-standard","has-post-thumbnail","hentry","category-haseluenne","category-pressemitteilung"],"_links":{"self":[{"href":"https:\/\/gruene-emsland-mitte.de\/index.php?rest_route=\/wp\/v2\/posts\/1633","targetHints":{"allow":["GET"]}}],"collection":[{"href":"https:\/\/gruene-emsland-mitte.de\/index.php?rest_route=\/wp\/v2\/posts"}],"about":[{"href":"https:\/\/gruene-emsland-mitte.de\/index.php?rest_route=\/wp\/v2\/types\/post"}],"author":[{"embeddable":true,"href":"https:\/\/gruene-emsland-mitte.de\/index.php?rest_route=\/wp\/v2\/users\/3"}],"replies":[{"embeddable":true,"href":"https:\/\/gruene-emsland-mitte.de\/index.php?rest_route=%2Fwp%2Fv2%2Fcomments&post=1633"}],"version-history":[{"count":10,"href":"https:\/\/gruene-emsland-mitte.de\/index.php?rest_route=\/wp\/v2\/posts\/1633\/revisions"}],"predecessor-version":[{"id":1646,"href":"https:\/\/gruene-emsland-mitte.de\/index.php?rest_route=\/wp\/v2\/posts\/1633\/revisions\/1646"}],"wp:featuredmedia":[{"embeddable":true,"href":"https:\/\/gruene-emsland-mitte.de\/index.php?rest_route=\/wp\/v2\/media\/1592"}],"wp:attachment":[{"href":"https:\/\/gruene-emsland-mitte.de\/index.php?rest_route=%2Fwp%2Fv2%2Fmedia&parent=1633"}],"wp:term":[{"taxonomy":"category","embeddable":true,"href":"https:\/\/gruene-emsland-mitte.de\/index.php?rest_route=%2Fwp%2Fv2%2Fcategories&post=1633"},{"taxonomy":"post_tag","embeddable":true,"href":"https:\/\/gruene-emsland-mitte.de\/index.php?rest_route=%2Fwp%2Fv2%2Ftags&post=1633"}],"curies":[{"name":"wp","href":"https:\/\/api.w.org\/{rel}","templated":true}]}}