{"id":175,"date":"2013-04-06T20:44:50","date_gmt":"2013-04-06T20:44:50","guid":{"rendered":"http:\/\/die-gruenen-meppen.de\/?p=175"},"modified":"2019-04-28T17:54:48","modified_gmt":"2019-04-28T17:54:48","slug":"betrifft-neuer-gruner-vorstand-in-meppen-2013","status":"publish","type":"post","link":"https:\/\/gruene-emsland-mitte.de\/?p=175","title":{"rendered":"Betrifft: Neuer gr\u00fcner Vorstand in Meppen  2013"},"content":{"rendered":"<p><strong>Meppen.<\/strong> In ihrer j\u00fcngsten Ortsverbandssitzung best\u00e4tigten die Mitglieder\/innen der Meppener Gr\u00fcnen ihren Vorstand. Neu im Team ist Martina Markus, die k\u00fcnftig organisatorische Fragen und die Kasse betreut. Ihre Vorg\u00e4ngerin Maria Berends, die aus pers\u00f6nlichen Gr\u00fcnden das Amt \u00fcbergab, wurde mit&nbsp; herzlichen Dankesworten und einem Pr\u00e4sentkorb bedacht. Bettina Potthast und Carsten Keetz wurden im Verlaufder Vorstandswahlen in ihren \u00c4mtern best\u00e4tigt, letzterer ist weiter Sprecher des OV-Meppen. Er begr\u00fc\u00dfte mehrere neue Mitglieder und betonte, dass die neuen Mitstreiter hochwillkommen seien, sie setzten \u201esichtbare Zeichen gegen sogenannte Politikverdrossenheit\u201c.&nbsp; Weiter diskutierten die Gr\u00fcnen aus Meppen lokalpolitische Fragen und planten den kommenden Bundestagswahlkampf im August\/September. Die Zusammenarbeit mit den neu entstandenen B\u00fcrgerinitiativen gegen die E 233 sowie die Legehennen-St\u00e4lle im Meppener Umland gestalte sich gut und man plane weitere unterst\u00fctzende Aktionen, so die Gr\u00fcnen. Mit Unverst\u00e4ndnis betrachtet man die widerspr\u00fcchliche Haltung des Apeldorner FDP-Kreistagsabgeordneten Tobias Kemper, der&nbsp; bisher als Bef\u00fcrworter agrarbaulicher Erweiterungen bekannt sei, sich aber nun in Apeldorn als Gegner des geplanten Bio-Legehennenstalles zu profilieren suche. \u201eEin durchsichtiges politisches Man\u00f6ver\u201c, so Keetz. Bez\u00fcglich der bundespolitischen Energiewende fragen die Gr\u00fcnen angesichts der noch langen \u201eRestlaufzeit\u201c des AKW bis 2020 in Lingen: Was antworten Betreiber und Bef\u00fcrworter der Atomkraft zum Umstand, dass trotz gegenw\u00e4rtig acht abgeschalteter Atomkraftwerke weiter deutscher Strom exportiert werde: \u201cJahrelang hat die Atomlobby bez\u00fcglich der Notwendigkeit von Atomkraft falsch gerechnet und die \u00d6ffentlichkeit get\u00e4uscht\u201c, so Herbert L\u00fcgering, Ratsherr der Stadt Meppen.&nbsp;&nbsp;&nbsp;&nbsp;&nbsp;&nbsp;&nbsp;&nbsp;&nbsp;&nbsp;&nbsp;&nbsp;&nbsp;&nbsp;&nbsp;&nbsp;&nbsp;&nbsp;&nbsp;&nbsp;&nbsp;&nbsp;&nbsp;&nbsp;&nbsp;&nbsp;&nbsp;&nbsp;&nbsp;&nbsp;&nbsp;&nbsp;&nbsp;&nbsp;&nbsp;&nbsp;&nbsp;&nbsp;&nbsp;&nbsp;&nbsp;&nbsp;&nbsp;&nbsp;&nbsp;&nbsp;&nbsp;&nbsp;&nbsp;&nbsp;&nbsp;&nbsp;&nbsp;&nbsp;&nbsp;&nbsp;&nbsp;&nbsp;&nbsp;&nbsp;&nbsp;&nbsp;&nbsp;&nbsp;&nbsp;&nbsp;&nbsp;&nbsp;&nbsp;&nbsp;&nbsp;&nbsp;&nbsp;&nbsp;&nbsp;&nbsp;&nbsp;&nbsp;<\/p>\n<p>&nbsp;<\/p>\n<p><strong>&nbsp;<\/strong><\/p>\n","protected":false},"excerpt":{"rendered":"<p>Meppen. In ihrer j\u00fcngsten Ortsverbandssitzung best\u00e4tigten die Mitglieder\/innen der Meppener Gr\u00fcnen ihren Vorstand. Neu im Team ist Martina Markus, die k\u00fcnftig organisatorische Fragen und die Kasse betreut. Ihre Vorg\u00e4ngerin Maria [&hellip;]<\/p>\n","protected":false},"author":-1,"featured_media":0,"comment_status":"open","ping_status":"open","sticky":false,"template":"","format":"standard","meta":{"footnotes":""},"categories":[17,26],"tags":[30],"class_list":["post-175","post","type-post","status-publish","format-standard","hentry","category-emsland-mitte","category-meppen","tag-gruenes-leben"],"_links":{"self":[{"href":"https:\/\/gruene-emsland-mitte.de\/index.php?rest_route=\/wp\/v2\/posts\/175","targetHints":{"allow":["GET"]}}],"collection":[{"href":"https:\/\/gruene-emsland-mitte.de\/index.php?rest_route=\/wp\/v2\/posts"}],"about":[{"href":"https:\/\/gruene-emsland-mitte.de\/index.php?rest_route=\/wp\/v2\/types\/post"}],"author":[{"embeddable":true,"href":"https:\/\/gruene-emsland-mitte.de\/index.php?rest_route=\/wp\/v2\/users\/2"}],"replies":[{"embeddable":true,"href":"https:\/\/gruene-emsland-mitte.de\/index.php?rest_route=%2Fwp%2Fv2%2Fcomments&post=175"}],"version-history":[{"count":3,"href":"https:\/\/gruene-emsland-mitte.de\/index.php?rest_route=\/wp\/v2\/posts\/175\/revisions"}],"predecessor-version":[{"id":862,"href":"https:\/\/gruene-emsland-mitte.de\/index.php?rest_route=\/wp\/v2\/posts\/175\/revisions\/862"}],"wp:attachment":[{"href":"https:\/\/gruene-emsland-mitte.de\/index.php?rest_route=%2Fwp%2Fv2%2Fmedia&parent=175"}],"wp:term":[{"taxonomy":"category","embeddable":true,"href":"https:\/\/gruene-emsland-mitte.de\/index.php?rest_route=%2Fwp%2Fv2%2Fcategories&post=175"},{"taxonomy":"post_tag","embeddable":true,"href":"https:\/\/gruene-emsland-mitte.de\/index.php?rest_route=%2Fwp%2Fv2%2Ftags&post=175"}],"curies":[{"name":"wp","href":"https:\/\/api.w.org\/{rel}","templated":true}]}}