{"id":1771,"date":"2021-04-01T11:28:41","date_gmt":"2021-04-01T11:28:41","guid":{"rendered":"https:\/\/die-gruenen-meppen.de\/?p=1771"},"modified":"2021-04-01T11:28:41","modified_gmt":"2021-04-01T11:28:41","slug":"gruene-ortsgruppe-fuer-haren","status":"publish","type":"post","link":"https:\/\/gruene-emsland-mitte.de\/?p=1771","title":{"rendered":"Gr\u00fcne Ortsgruppe f\u00fcr Haren"},"content":{"rendered":"\n<div style=\"height:15px\" aria-hidden=\"true\" class=\"wp-block-spacer\"><\/div>\n\n\n\n<h2 class=\"wp-block-heading\">Gr\u00fcne Ortsgruppe f\u00fcr Haren &#8211; wir suchen dich!<\/h2>\n\n\n\n<p>B\u00fcndnis 90\/Die Gr\u00fcnen planen die Gr\u00fcndung einer Ortsgruppe in Haren. Ziel der geplanten Ortsgruppe ist es, bei der n\u00e4chsten Kommunalwahl den Harener B\u00fcrgerinnen und B\u00fcrgern die M\u00f6glichkeit zu geben, gr\u00fcn zu w\u00e4hlen. Zudem soll durch die Gr\u00fcndung der Ortsgruppe die Politik vor Ort sozialer und \u00f6kologischer gestaltet\u00a0 werden und den Harenerinnen und Harenern eine M\u00f6glichkeit zum Austausch mit lokalen Gr\u00fcnen geben.<\/p>\n\n\n\n<h2 class=\"wp-block-heading\">Verst\u00e4rkung gesucht!<\/h2>\n\n\n\n<p>&#8222;Zur Zeit gibt es keine Gr\u00fcnen im Harener Stadtrat, wodurch gr\u00fcne Inhalte vergessen werden. Das wollen wir \u00e4ndern.&#8220;,\u00a0 betont Christian Engelken.<\/p>\n\n\n\n<p>&#8222;Wir m\u00f6chten gr\u00fcne Themen aktiv nicht nur in Haren vorantreiben sondern auch die umliegenden D\u00f6rfer vertreten. Dabei freuen wir uns \u00fcber Unterst\u00fctzung und suchen dringend noch Verst\u00e4rkung.&#8220;, erg\u00e4nzt Sandra Tieben.<\/p>\n\n\n\n<p><strong>Interessierte k\u00f6nnen sich bei Sandra Tieben unter Tel. 0151\/53908477 und per E-Mail <a href=\"#\" data-unscramble=\"ed.ettim-dnalsme-eneurg@nerah(\">(haren@emsgruen.de<\/a>) melden oder am Online-Stammtisch teilnehmen. Die Termine sind unter <a href=\"https:\/\/gruene-emsland-mitte.de\/?page_id=1246\" data-type=\"page\" data-id=\"1246\">termine.emsgruen.de<\/a> abrufbar.<\/strong><\/p>\n","protected":false},"excerpt":{"rendered":"<p>Gr\u00fcne Ortsgruppe f\u00fcr Haren &#8211; wir suchen dich! B\u00fcndnis 90\/Die Gr\u00fcnen planen die Gr\u00fcndung einer Ortsgruppe in Haren. Ziel der geplanten Ortsgruppe ist es, bei der n\u00e4chsten Kommunalwahl den Harener [&hellip;]<\/p>\n","protected":false},"author":-1,"featured_media":1773,"comment_status":"open","ping_status":"open","sticky":false,"template":"","format":"standard","meta":{"footnotes":""},"categories":[3,18,17,89,57],"tags":[90,69,80,55],"class_list":["post-1771","post","type-post","status-publish","format-standard","has-post-thumbnail","hentry","category-allgemein","category-emsland","category-emsland-mitte","category-haren","category-pressemitteilung","tag-haren","tag-neumitglieder","tag-ortsgruppe","tag-pressemitteilung"],"_links":{"self":[{"href":"https:\/\/gruene-emsland-mitte.de\/index.php?rest_route=\/wp\/v2\/posts\/1771","targetHints":{"allow":["GET"]}}],"collection":[{"href":"https:\/\/gruene-emsland-mitte.de\/index.php?rest_route=\/wp\/v2\/posts"}],"about":[{"href":"https:\/\/gruene-emsland-mitte.de\/index.php?rest_route=\/wp\/v2\/types\/post"}],"author":[{"embeddable":true,"href":"https:\/\/gruene-emsland-mitte.de\/index.php?rest_route=\/wp\/v2\/users\/5"}],"replies":[{"embeddable":true,"href":"https:\/\/gruene-emsland-mitte.de\/index.php?rest_route=%2Fwp%2Fv2%2Fcomments&post=1771"}],"version-history":[{"count":3,"href":"https:\/\/gruene-emsland-mitte.de\/index.php?rest_route=\/wp\/v2\/posts\/1771\/revisions"}],"predecessor-version":[{"id":1776,"href":"https:\/\/gruene-emsland-mitte.de\/index.php?rest_route=\/wp\/v2\/posts\/1771\/revisions\/1776"}],"wp:featuredmedia":[{"embeddable":true,"href":"https:\/\/gruene-emsland-mitte.de\/index.php?rest_route=\/wp\/v2\/media\/1773"}],"wp:attachment":[{"href":"https:\/\/gruene-emsland-mitte.de\/index.php?rest_route=%2Fwp%2Fv2%2Fmedia&parent=1771"}],"wp:term":[{"taxonomy":"category","embeddable":true,"href":"https:\/\/gruene-emsland-mitte.de\/index.php?rest_route=%2Fwp%2Fv2%2Fcategories&post=1771"},{"taxonomy":"post_tag","embeddable":true,"href":"https:\/\/gruene-emsland-mitte.de\/index.php?rest_route=%2Fwp%2Fv2%2Ftags&post=1771"}],"curies":[{"name":"wp","href":"https:\/\/api.w.org\/{rel}","templated":true}]}}