{"id":178,"date":"2013-04-25T19:13:28","date_gmt":"2013-04-25T19:13:28","guid":{"rendered":"http:\/\/die-gruenen-meppen.de\/?p=178"},"modified":"2013-04-25T19:13:28","modified_gmt":"2013-04-25T19:13:28","slug":"solen-insolvenz-besturzt-grune","status":"publish","type":"post","link":"https:\/\/gruene-emsland-mitte.de\/?p=178","title":{"rendered":"Solen-Insolvenz best\u00fcrzt Gr\u00fcne"},"content":{"rendered":"<div><span style=\"font-family: Arial;font-size: x-small\"><span style=\"font-family: Times New Roman;font-size: small\"><strong>Meppen<\/strong>. Der Vorstand im Ortsverband der Gr\u00fcnen in Meppen reagiert mit Best\u00fcrzung auf die angek\u00fcndigte Insolvenz der Solen AG. Der Sprecher des Ortsverbandes Carsten Keetz macht die chaotische Energiepolitik der CDU daf\u00fcr verantwortlich: &#8222;Die Energiewende ist von der Bundesregierung nie wirklich gewollt und konsequent umgesetzt worden. Sie war aufgezwungen durch Fukujima, noch heute ist kein roter Faden erkennbar.&#8220; Solen hatte sich wie zuvor schon andere Betriebe der Solartechnologie auf die Rahmenbedingungen verlassen. Unter dem Druck der gro\u00dfen Energieunternehmen hatte die Bundesregierung jedoch die Unterst\u00fctzung der mittelst\u00e4ndischen Betriebe in diesem Bereich zusammengestrichen. &#8222;Wir denken vor allem auch an die betroffenen Mitarbeiterinen und Mitarbeiter&#8220;, so die Gr\u00fcnen.<\/span><\/span><span style=\"font-family: Arial;font-size: x-small\"><span style=\"font-family: Times New Roman;font-size: small\"><br \/>\nDie Gr\u00fcnen fordern Stadt und Kreis auf, die Energiewende konsequent mitzugestalten. Dazu passt auch nicht die Ablehnung des Antrags der Kreisgr\u00fcnen, einen interkommunalen Windpark aufzubauen. Kreistagsabgeordneter\u00a0Norbert Knape\u00a0dazu: &#8222;In unserem Nachbarkreis Osnabr\u00fcck wird jetzt genau dies durchgef\u00fchrt. Dies zeigt, dass unser Antrag richtig war.&#8220; Die Gr\u00fcnen werfen der CDU im Emsland vor, die Nutzung der Onshorewindenergie zu bremsen und sich auf die blo\u00dfe Durchleitung auf H\u00f6chstspannungsleitungen zu beschr\u00e4nken. Die Gr\u00fcnen fordern mehr Regionalisierung: &#8222;Auf der Klimakonferenz des Landkreises konnte die Staatssekret\u00e4rin die Landesregierungen kritisieren, dass sie zu selbst\u00e4ndig und unabh\u00e4ngig in der Energieerzeugung werden wollten.Wir m\u00fcssen aber die Regionen und vor allem den Mittelstand f\u00f6rdern, der darauf wartet, in Deutschland entwickelte Technologien auch umsetzen zu k\u00f6nnen.&#8220;<\/span><br \/>\n<\/span><\/div>\n","protected":false},"excerpt":{"rendered":"<p>Meppen. Der Vorstand im Ortsverband der Gr\u00fcnen in Meppen reagiert mit Best\u00fcrzung auf die angek\u00fcndigte Insolvenz der Solen AG. Der Sprecher des Ortsverbandes Carsten Keetz macht die chaotische Energiepolitik der [&hellip;]<\/p>\n","protected":false},"author":-1,"featured_media":0,"comment_status":"open","ping_status":"open","sticky":false,"template":"","format":"standard","meta":{"footnotes":""},"categories":[3],"tags":[],"class_list":["post-178","post","type-post","status-publish","format-standard","hentry","category-allgemein"],"_links":{"self":[{"href":"https:\/\/gruene-emsland-mitte.de\/index.php?rest_route=\/wp\/v2\/posts\/178","targetHints":{"allow":["GET"]}}],"collection":[{"href":"https:\/\/gruene-emsland-mitte.de\/index.php?rest_route=\/wp\/v2\/posts"}],"about":[{"href":"https:\/\/gruene-emsland-mitte.de\/index.php?rest_route=\/wp\/v2\/types\/post"}],"author":[{"embeddable":true,"href":"https:\/\/gruene-emsland-mitte.de\/index.php?rest_route=\/wp\/v2\/users\/2"}],"replies":[{"embeddable":true,"href":"https:\/\/gruene-emsland-mitte.de\/index.php?rest_route=%2Fwp%2Fv2%2Fcomments&post=178"}],"version-history":[{"count":1,"href":"https:\/\/gruene-emsland-mitte.de\/index.php?rest_route=\/wp\/v2\/posts\/178\/revisions"}],"predecessor-version":[{"id":179,"href":"https:\/\/gruene-emsland-mitte.de\/index.php?rest_route=\/wp\/v2\/posts\/178\/revisions\/179"}],"wp:attachment":[{"href":"https:\/\/gruene-emsland-mitte.de\/index.php?rest_route=%2Fwp%2Fv2%2Fmedia&parent=178"}],"wp:term":[{"taxonomy":"category","embeddable":true,"href":"https:\/\/gruene-emsland-mitte.de\/index.php?rest_route=%2Fwp%2Fv2%2Fcategories&post=178"},{"taxonomy":"post_tag","embeddable":true,"href":"https:\/\/gruene-emsland-mitte.de\/index.php?rest_route=%2Fwp%2Fv2%2Ftags&post=178"}],"curies":[{"name":"wp","href":"https:\/\/api.w.org\/{rel}","templated":true}]}}