{"id":18,"date":"2012-01-13T18:13:30","date_gmt":"2012-01-13T18:13:30","guid":{"rendered":"http:\/\/die-gruenen-meppen.de\/?p=18"},"modified":"2021-02-16T14:26:08","modified_gmt":"2021-02-16T14:26:08","slug":"bildungstrager-lelie-hollander-gmbh","status":"publish","type":"post","link":"https:\/\/gruene-emsland-mitte.de\/?p=18","title":{"rendered":"Bildungstr\u00e4ger Lelie Hollander GmbH"},"content":{"rendered":"<p>Zum Meinungsaustausch und gegenseitigen Kennenlernen trafen sich Mitglieder vom Meppener Ortsverband der B\u00fcndnisgr\u00fcnen, unter Ihnen der Papenburger Landratskandidat der Gr\u00fcnen, Nikolaus Sch\u00fctte Zur Wick, mit Vertretern des Bildungstr\u00e4gers Lelie Hollander GmbH<br \/>\n<a href=\"https:\/\/gruene-emsland-mitte.de\/wp-content\/uploads\/2012\/01\/lelie-hollander1.png\"><img loading=\"lazy\" decoding=\"async\" title=\"lelie-hollander1\" src=\"https:\/\/gruene-emsland-mitte.de\/wp-content\/uploads\/2012\/01\/lelie-hollander1.png\" alt=\"\" width=\"526\" height=\"318\"><\/a><\/p>\n<p><em>Um das Gemeinschaftsbild \u00bbSonnenblumen\u00ab der Teilnehmer einer Selbst-St\u00e4rkungsma\u00dfnahme f\u00fcr Arbeitssuchende versammelt: v.l. Ma\u00dfnahmen Teilnehmer G.v. Boven, D. Galinski und Beraterin Magda K\u00fchling, Landratskandidat der Gr\u00fcnen, Nikolaus Sch\u00fctte Zur Wick, Lelie Hollander Gesch\u00e4ftsf\u00fchrer Alex Anuba, Gr\u00fcnen-Stadtratskandidatin Carmen Puepke, gr\u00fcner Kreistagskandidat Carsten Keetz sowie Stadtratskandidat J\u00f6rg Krips, ebenfalls f\u00fcr B\u00fcndnis 90\/Die Gr\u00fcnen.<\/em><\/p>\n<p>Gesch\u00e4ftsf\u00fchrer Alex Aniba und die systemische Beraterin Magda K\u00fchling stellten ihren Bildungstr\u00e4ger in der Hasestra\u00dfe im Herzen von Meppen vor. Er besch\u00e4ftigt sich vor allem mit sozialer Aktivierung und Integration von arbeitslosen Menschen in den Arbeitsmarkt. Sie schilderten beispielhaft die Arbeit vor Ort sowie die prek\u00e4re finanzielle Situation, mit der sich kleinere Bildungstr\u00e4ger &#8211; angesichts knapper Kassenlage der \u00f6ffentlichen Hand- konfrontiert sehen.<br \/>\nBei den Teilnehmern der Ma\u00dfnahme handele es sich in erster Linie um Menschen, die aufgrund von multiplen Hemmnissen seit Jahren Leistungen nach dem SGB II beziehen. Die Arbeit von Lelie Hollander finde in einem gesch\u00fctzten Rahmen statt, in der die Teilnehmer an ihren Kompetenzen wie Selbstbewusstsein, individuelle F\u00e4higkeiten und St\u00e4rken, Probleml\u00f6sungsstrategien, Flexibilit\u00e4t arbeiten. \u00bbIn der Arbeit mit den Kunden steht der Mensch und seine soziale Umwelt f\u00fcr uns im Mittelpunkt. Wer bin ich?, Was kann ich?, Was will ich?\u00ab, so Magda K\u00fchling. Und Alex Aniba erg\u00e4nzt: \u00bbUnsere Vorgehensweise besteht darin, dass wir Einzelgespr\u00e4che, aber auch themenzentrierte Gruppenangebote f\u00fcr die Teilnehmer anbieten. Diese Arbeit ist nur m\u00f6glich in enger Kooperation mit den zust\u00e4ndigen Fallmanagern des Zentrums f\u00fcr Arbeit, sowie verschiedenen Beratungsstellen, Beh\u00f6rden und Therapeuten, die in der Region ans\u00e4ssig sind.\u00ab<br \/>\nDas Ziel der Arbeit von Lelie Hollander sei es, die Menschen in Bewegung bringen mit dem Ziel, f\u00fcr den Kunden bedeutsame Erfahrungen zu sammeln wie das (Wieder)Erlernen von Strukturen (P\u00fcnktlichkeit, Absprachen einhalten). Je besser der Kunde sich selbst kennenlerne, desto besser k\u00f6nne er auch seine eigenen L\u00f6sungen finden und f\u00fcr sich anwenden. G.v. Boven und D. Galinski bereicherten das Gespr\u00e4ch zwischen Politik und Arbeitssuchenden durch Schilderungen ihres nicht immer einfachen Lebensweges.<\/p>\n","protected":false},"excerpt":{"rendered":"<p>Zum Meinungsaustausch und gegenseitigen Kennenlernen trafen sich Mitglieder vom Meppener Ortsverband der B\u00fcndnisgr\u00fcnen, unter Ihnen der Papenburger Landratskandidat der Gr\u00fcnen, Nikolaus Sch\u00fctte Zur Wick, mit Vertretern des Bildungstr\u00e4gers Lelie Hollander [&hellip;]<\/p>\n","protected":false},"author":-1,"featured_media":0,"comment_status":"open","ping_status":"open","sticky":false,"template":"","format":"standard","meta":{"footnotes":""},"categories":[21],"tags":[],"class_list":["post-18","post","type-post","status-publish","format-standard","hentry","category-ueberregional"],"_links":{"self":[{"href":"https:\/\/gruene-emsland-mitte.de\/index.php?rest_route=\/wp\/v2\/posts\/18","targetHints":{"allow":["GET"]}}],"collection":[{"href":"https:\/\/gruene-emsland-mitte.de\/index.php?rest_route=\/wp\/v2\/posts"}],"about":[{"href":"https:\/\/gruene-emsland-mitte.de\/index.php?rest_route=\/wp\/v2\/types\/post"}],"author":[{"embeddable":true,"href":"https:\/\/gruene-emsland-mitte.de\/index.php?rest_route=\/wp\/v2\/users\/1"}],"replies":[{"embeddable":true,"href":"https:\/\/gruene-emsland-mitte.de\/index.php?rest_route=%2Fwp%2Fv2%2Fcomments&post=18"}],"version-history":[{"count":3,"href":"https:\/\/gruene-emsland-mitte.de\/index.php?rest_route=\/wp\/v2\/posts\/18\/revisions"}],"predecessor-version":[{"id":1681,"href":"https:\/\/gruene-emsland-mitte.de\/index.php?rest_route=\/wp\/v2\/posts\/18\/revisions\/1681"}],"wp:attachment":[{"href":"https:\/\/gruene-emsland-mitte.de\/index.php?rest_route=%2Fwp%2Fv2%2Fmedia&parent=18"}],"wp:term":[{"taxonomy":"category","embeddable":true,"href":"https:\/\/gruene-emsland-mitte.de\/index.php?rest_route=%2Fwp%2Fv2%2Fcategories&post=18"},{"taxonomy":"post_tag","embeddable":true,"href":"https:\/\/gruene-emsland-mitte.de\/index.php?rest_route=%2Fwp%2Fv2%2Ftags&post=18"}],"curies":[{"name":"wp","href":"https:\/\/api.w.org\/{rel}","templated":true}]}}