{"id":188,"date":"2013-05-20T11:08:24","date_gmt":"2013-05-20T11:08:24","guid":{"rendered":"http:\/\/die-gruenen-meppen.de\/?p=188"},"modified":"2013-05-20T11:08:24","modified_gmt":"2013-05-20T11:08:24","slug":"rede-von-h-lugering-im-bauausschuss-8-5-13","status":"publish","type":"post","link":"https:\/\/gruene-emsland-mitte.de\/?p=188","title":{"rendered":"Rede von H. L\u00fcgering im Bauausschuss 8.5.13"},"content":{"rendered":"<p>Sehr geehrte Damen u Herren,<\/p>\n<p>B\u00fcndnis 90\/Die Gr\u00fcnen haben den Antrag zur Erstellung einer Baumschutzsatzung eingebracht. Die Gr\u00fcnde hierf\u00fcr sind die zunehmende Inakzeptanz und Verst\u00e4ndnislosigkeit vieler Meppener B\u00fcrger, wie die Stadtverwaltung, aber auch andere Institutionen und Private, mit den B\u00e4umen im Meppener Stadtgebiet umgehen. Viele dieser Baumf\u00e4llungen w\u00e4ren nicht m\u00f6glich gewesen, wenn wir bereits eine Baumschutzsatzung h\u00e4tten.<\/p>\n<p>So wurde der Lindenbestand am historischen Stadtwall schon vor Jahren rigoros abgeholzt, angeblich waren alle B\u00e4ume auf der Kauflandseite krank. Sp\u00e4ter erwies sich dieses als falsch, die Linden k\u00f6nnten heute noch stehen. Der Protest vieler B\u00fcrger lief damals ins Leere.<\/p>\n<p>Ebenso wurden alte, sch\u00f6n gewachsene Eichen, die den ganzen Bereich Am Kabelkran \/ Sch\u00fctzenhof pr\u00e4gten, ohne ersichtlichen Grund von Privat gef\u00e4llt.<\/p>\n<p>Mehrere m\u00e4chtige, sehr alte Eichen f\u00e4llte im\u00a0 letzten Jahr das Wasser- und Schifffahrtsamt ohne ersichtlichen Grund im Bereich Teglinger Schleuse.<\/p>\n<p>Vor gut zwei Jahren wurde eine wunderbare Buche an der Koppelschleuse zers\u00e4gt. Als der Stamm lag, war keine Spur von Krankheit oder \u00e4hnliches sichtbar.<\/p>\n<p>Auch wurden in j\u00fcngster Zeit mehrere gut gewachsene B\u00e4ume vor der Meppener Tagespost gef\u00e4llt, nur um den Blick auf das neue Einkaufszentrum\u00a0 frei zu geben.<\/p>\n<p>Der Baum hinter dem Rathaus \u00a0k\u00f6nnte heute noch stehen, wen hat er gest\u00f6rt?<\/p>\n<p>Und das die Stra\u00dfenbild pr\u00e4gende, ca. 170 Jahre alte Linde an der Bahnhofsapotheke auch noch gef\u00e4llt werden soll, damit dort ein einzelner Parkplatz entstehen kann, obwohl dort auch jetzt kein Parkplatz ist, werden die meisten B\u00fcrger in Meppen gar nicht mehr verstehen. Jeder Fachmann wei\u00df, dass eine Linde im Wurzel-, genauso im Kronenbereich\u00a0 einen drastischen R\u00fcckschnitt sehr gut vertr\u00e4gt. Also k\u00f6nnte gerade dieser Baum uns noch allen lange erhalten bleiben.<\/p>\n<p>Damit das alles nicht in Zukunft so weitergeht, haben wir den Antrag zu einer Baumschutzsatzung gestellt. Wir fordern, dass bestimmte B\u00e4ume, die \u00e4lter als 30 Jahre sind, unter Schutz gestellt werden. Weiterhin fordern wir, dass nicht jede exotische Idee \u00a0der beauftragten Stadtplaner- bzw. Architekten ber\u00fccksichtigt werden, konkret meine ich Blasenb\u00e4ume, Schnurr- bzw. Chinesische Mammutb\u00e4ume. Die B\u00fcrger wollen hier heimische B\u00e4ume, \u00a0Ahorn, Buche, Esche, Eiche, Ulme und \u00e4hnliches.<\/p>\n<p>Gern wird auf die Kosten einer Baumschutzsatzung hingewiesen, nat\u00fcrlich kostet das was, \u00a0aber auch andere Dinge kosten Geld. Und da die Baumschutzsatzung weniger restriktiv\u00a0 ausfallen soll, w\u00e4re es bei weitem nicht so teuer, wie die Verwaltung annimmt.<\/p>\n<p>Auch w\u00fcrden durch die in Rechnung gestellten Geb\u00fchren schon einen gro\u00dfen Teil der Kosten decken.<\/p>\n","protected":false},"excerpt":{"rendered":"<p>Sehr geehrte Damen u Herren, B\u00fcndnis 90\/Die Gr\u00fcnen haben den Antrag zur Erstellung einer Baumschutzsatzung eingebracht. Die Gr\u00fcnde hierf\u00fcr sind die zunehmende Inakzeptanz und Verst\u00e4ndnislosigkeit vieler Meppener B\u00fcrger, wie die [&hellip;]<\/p>\n","protected":false},"author":-1,"featured_media":0,"comment_status":"open","ping_status":"open","sticky":false,"template":"","format":"standard","meta":{"footnotes":""},"categories":[3],"tags":[],"class_list":["post-188","post","type-post","status-publish","format-standard","hentry","category-allgemein"],"_links":{"self":[{"href":"https:\/\/gruene-emsland-mitte.de\/index.php?rest_route=\/wp\/v2\/posts\/188","targetHints":{"allow":["GET"]}}],"collection":[{"href":"https:\/\/gruene-emsland-mitte.de\/index.php?rest_route=\/wp\/v2\/posts"}],"about":[{"href":"https:\/\/gruene-emsland-mitte.de\/index.php?rest_route=\/wp\/v2\/types\/post"}],"author":[{"embeddable":true,"href":"https:\/\/gruene-emsland-mitte.de\/index.php?rest_route=\/wp\/v2\/users\/2"}],"replies":[{"embeddable":true,"href":"https:\/\/gruene-emsland-mitte.de\/index.php?rest_route=%2Fwp%2Fv2%2Fcomments&post=188"}],"version-history":[{"count":2,"href":"https:\/\/gruene-emsland-mitte.de\/index.php?rest_route=\/wp\/v2\/posts\/188\/revisions"}],"predecessor-version":[{"id":190,"href":"https:\/\/gruene-emsland-mitte.de\/index.php?rest_route=\/wp\/v2\/posts\/188\/revisions\/190"}],"wp:attachment":[{"href":"https:\/\/gruene-emsland-mitte.de\/index.php?rest_route=%2Fwp%2Fv2%2Fmedia&parent=188"}],"wp:term":[{"taxonomy":"category","embeddable":true,"href":"https:\/\/gruene-emsland-mitte.de\/index.php?rest_route=%2Fwp%2Fv2%2Fcategories&post=188"},{"taxonomy":"post_tag","embeddable":true,"href":"https:\/\/gruene-emsland-mitte.de\/index.php?rest_route=%2Fwp%2Fv2%2Ftags&post=188"}],"curies":[{"name":"wp","href":"https:\/\/api.w.org\/{rel}","templated":true}]}}