{"id":1897,"date":"2021-06-05T08:19:01","date_gmt":"2021-06-05T08:19:01","guid":{"rendered":"https:\/\/die-gruenen-meppen.de\/?p=1897"},"modified":"2021-06-07T14:02:16","modified_gmt":"2021-06-07T14:02:16","slug":"haseluenner-gruene-treffen-klimaschutzmanager","status":"publish","type":"post","link":"https:\/\/gruene-emsland-mitte.de\/?p=1897","title":{"rendered":"Hasel\u00fcnner Gr\u00fcne treffen Klimaschutzmanager"},"content":{"rendered":"\n<p>Zu einem Informationsaustausch trafen sich der Klimaschutzmanager der Stadt Hasel\u00fcnne, Mathes Althoff, und die Hasel\u00fcnner Ortsgruppe der Gr\u00fcnen. Begleitet wurde Althoff von B\u00fcrgermeister Werner Schr\u00e4er und dessen Stellvertreter Martin Pohlmann.<\/p>\n\n\n\n<p>In ihren Eingangsstatements skizzierten die Verwaltungsvertreter ihr breites Engagement im Umweltschutz und Klimafolgenmanagement: Von CO2-Einsparungen in der technischen und Geb\u00e4ude-Infrastruktur der Kommune \u00fcber die Umstellung der Stra\u00dfenbeleuchtung auf LED-Technologie bis hin zum Umbau der st\u00e4dtischen W\u00e4lder. Kernaufgaben Althoffs sind u.a. der j\u00e4hrliche Energiebericht sowie seine beratende und unterst\u00fctzende Arbeit in allen Fachbereichen der Kommunalverwaltung. Zu Althoffs Aufgaben z\u00e4hlt auch die individuelle Beratung. Seit seinem Amtsantritt im Juli 2020 f\u00fchrte er 20 Gespr\u00e4che mit B\u00fcrger*innen. Sobald die Pandemiesituation es zul\u00e4sst, sollen auch \u00f6ffentliche Informationsveranstaltungen stattfinden. Andreas Lembeck, Mitglied der Hasel\u00fcnner Gr\u00fcnen, regte hier eine Zusammenarbeit mit der Volkshochschule an. Angesprochen auf die vor sechs Jahren gestartete R\u00fcckgewinnung der Stra\u00dfenseitenr\u00e4ume sagte B\u00fcrgermeister Schr\u00e4er: \u201eDas Projekt ist ein Erfolg. Jedoch gibt es immer noch einige Landwirte, die dieses st\u00e4dtische Grundeigentum unter den Pflug nehmen und insofern sind Kontrollen wichtig und die Stadt ist f\u00fcr Hinweise dankbar.\u201c&nbsp;<\/p>\n\n\n\n<p>Die Gr\u00fcnen empfahlen, hier und bei vergleichbaren Vorhaben gezielt auf nachhaltige Akzeptanzf\u00f6rderung zu setzen. Ein weiterer Schwerpunkt sollen nach Vorstellung der Gr\u00fcnen k\u00fcnftig innovative Mikroprojekte sein, bei deren Konzeption und Umsetzung sie dem Klimaschutzmanager ihre Unterst\u00fctzung zusagten. Das gilt auch f\u00fcr seine bereits im Juni 2022 auslaufende Stelle. Die Hasel\u00fcnner Gr\u00fcnen fordern, dass diese wichtige Zukunftsaufgabe unbefristet im Stellenplan der Stadt verankert wird.<\/p>\n","protected":false},"excerpt":{"rendered":"<p>Zu einem Informationsaustausch trafen sich der Klimaschutzmanager der Stadt Hasel\u00fcnne, Mathes Althoff, und die Hasel\u00fcnner Ortsgruppe der Gr\u00fcnen. Begleitet wurde Althoff von B\u00fcrgermeister Werner Schr\u00e4er und dessen Stellvertreter Martin Pohlmann.<\/p>\n","protected":false},"author":-1,"featured_media":1673,"comment_status":"closed","ping_status":"closed","sticky":false,"template":"","format":"standard","meta":{"footnotes":""},"categories":[17,71],"tags":[79,120,73,50],"class_list":["post-1897","post","type-post","status-publish","format-standard","has-post-thumbnail","hentry","category-emsland-mitte","category-haseluenne","tag-haseluenne","tag-klima","tag-klimamanager","tag-klimaschutz"],"_links":{"self":[{"href":"https:\/\/gruene-emsland-mitte.de\/index.php?rest_route=\/wp\/v2\/posts\/1897","targetHints":{"allow":["GET"]}}],"collection":[{"href":"https:\/\/gruene-emsland-mitte.de\/index.php?rest_route=\/wp\/v2\/posts"}],"about":[{"href":"https:\/\/gruene-emsland-mitte.de\/index.php?rest_route=\/wp\/v2\/types\/post"}],"author":[{"embeddable":true,"href":"https:\/\/gruene-emsland-mitte.de\/index.php?rest_route=\/wp\/v2\/users\/3"}],"replies":[{"embeddable":true,"href":"https:\/\/gruene-emsland-mitte.de\/index.php?rest_route=%2Fwp%2Fv2%2Fcomments&post=1897"}],"version-history":[{"count":2,"href":"https:\/\/gruene-emsland-mitte.de\/index.php?rest_route=\/wp\/v2\/posts\/1897\/revisions"}],"predecessor-version":[{"id":1899,"href":"https:\/\/gruene-emsland-mitte.de\/index.php?rest_route=\/wp\/v2\/posts\/1897\/revisions\/1899"}],"wp:featuredmedia":[{"embeddable":true,"href":"https:\/\/gruene-emsland-mitte.de\/index.php?rest_route=\/wp\/v2\/media\/1673"}],"wp:attachment":[{"href":"https:\/\/gruene-emsland-mitte.de\/index.php?rest_route=%2Fwp%2Fv2%2Fmedia&parent=1897"}],"wp:term":[{"taxonomy":"category","embeddable":true,"href":"https:\/\/gruene-emsland-mitte.de\/index.php?rest_route=%2Fwp%2Fv2%2Fcategories&post=1897"},{"taxonomy":"post_tag","embeddable":true,"href":"https:\/\/gruene-emsland-mitte.de\/index.php?rest_route=%2Fwp%2Fv2%2Ftags&post=1897"}],"curies":[{"name":"wp","href":"https:\/\/api.w.org\/{rel}","templated":true}]}}