{"id":1911,"date":"2021-06-28T21:40:43","date_gmt":"2021-06-28T21:40:43","guid":{"rendered":"https:\/\/die-gruenen-meppen.de\/?p=1911"},"modified":"2021-06-28T21:40:43","modified_gmt":"2021-06-28T21:40:43","slug":"veranstaltungshinweis","status":"publish","type":"post","link":"https:\/\/gruene-emsland-mitte.de\/?p=1911","title":{"rendered":"Veranstaltungshinweis"},"content":{"rendered":"\n<p><strong>Kurzinfo f\u00fcr die Meppener Tagespost- Veranstaltungshinweis<\/strong><\/p>\n\n\n\n<p>Die AG Landwirtschaft von B\u00fcndnis90\/die Gr\u00fcnen m\u00f6chte daran erinnern, dass Ende Juni die M\u00f6glichkeit besteht, sich vor Ort \u00fcber das vom \u201eNieders\u00e4chsischer Weg\u201c mit 500 \u20ac\/ha gef\u00f6rderte Bl\u00fchstreifenprojekt zu informieren. Dazu wird es ein Treffen auf einem nahegelegenen Betrieb geben, der bereits \u00fcber 2-3 Jahre praktische Erfahrung mit der Einspeisung von Bl\u00fchpflanzen in die Biogasanlage besitzt.<\/p>\n\n\n\n<p>Dar\u00fcber hinaus ist ein Informationsabend mit einem Vertreter des Landesverbandes geplant, der zum Thema \u201eLandwirtschaft\u201c informieren wird.<\/p>\n\n\n\n<p>Interessierte melden sich bitte unter: landwirtschaft@gruene-el-mitte.de<\/p>\n","protected":false},"excerpt":{"rendered":"<p>Kurzinfo f\u00fcr die Meppener Tagespost- Veranstaltungshinweis Die AG Landwirtschaft von B\u00fcndnis90\/die Gr\u00fcnen m\u00f6chte daran erinnern, dass Ende Juni die M\u00f6glichkeit besteht, sich vor Ort \u00fcber das vom \u201eNieders\u00e4chsischer Weg\u201c mit [&hellip;]<\/p>\n","protected":false},"author":-1,"featured_media":1592,"comment_status":"closed","ping_status":"open","sticky":false,"template":"","format":"standard","meta":{"footnotes":""},"categories":[17],"tags":[49],"class_list":["post-1911","post","type-post","status-publish","format-standard","has-post-thumbnail","hentry","category-emsland-mitte","tag-landwirtschaft"],"_links":{"self":[{"href":"https:\/\/gruene-emsland-mitte.de\/index.php?rest_route=\/wp\/v2\/posts\/1911","targetHints":{"allow":["GET"]}}],"collection":[{"href":"https:\/\/gruene-emsland-mitte.de\/index.php?rest_route=\/wp\/v2\/posts"}],"about":[{"href":"https:\/\/gruene-emsland-mitte.de\/index.php?rest_route=\/wp\/v2\/types\/post"}],"author":[{"embeddable":true,"href":"https:\/\/gruene-emsland-mitte.de\/index.php?rest_route=\/wp\/v2\/users\/4"}],"replies":[{"embeddable":true,"href":"https:\/\/gruene-emsland-mitte.de\/index.php?rest_route=%2Fwp%2Fv2%2Fcomments&post=1911"}],"version-history":[{"count":1,"href":"https:\/\/gruene-emsland-mitte.de\/index.php?rest_route=\/wp\/v2\/posts\/1911\/revisions"}],"predecessor-version":[{"id":1912,"href":"https:\/\/gruene-emsland-mitte.de\/index.php?rest_route=\/wp\/v2\/posts\/1911\/revisions\/1912"}],"wp:featuredmedia":[{"embeddable":true,"href":"https:\/\/gruene-emsland-mitte.de\/index.php?rest_route=\/wp\/v2\/media\/1592"}],"wp:attachment":[{"href":"https:\/\/gruene-emsland-mitte.de\/index.php?rest_route=%2Fwp%2Fv2%2Fmedia&parent=1911"}],"wp:term":[{"taxonomy":"category","embeddable":true,"href":"https:\/\/gruene-emsland-mitte.de\/index.php?rest_route=%2Fwp%2Fv2%2Fcategories&post=1911"},{"taxonomy":"post_tag","embeddable":true,"href":"https:\/\/gruene-emsland-mitte.de\/index.php?rest_route=%2Fwp%2Fv2%2Ftags&post=1911"}],"curies":[{"name":"wp","href":"https:\/\/api.w.org\/{rel}","templated":true}]}}