{"id":195,"date":"2013-06-02T17:47:30","date_gmt":"2013-06-02T17:47:30","guid":{"rendered":"http:\/\/die-gruenen-meppen.de\/?p=195"},"modified":"2013-06-02T20:45:45","modified_gmt":"2013-06-02T20:45:45","slug":"taglicher-horror-neben-einer-landstrase","status":"publish","type":"post","link":"https:\/\/gruene-emsland-mitte.de\/?p=195","title":{"rendered":"T\u00e4glicher Horror neben einer Landstra\u00dfe"},"content":{"rendered":"<p>Der folgende Brief erreichte uns jetzt. Wir ver\u00f6ffentlichen ihn leicht gek\u00fcrzt und anonym. Die Familie ist uns bekannt. Er steht beispielhaft f\u00fcr die Sorgen, die der wachsende Verkehr vielen Anwohnern an Zubringerstra\u00dfen bereitet.\u00a0<\/p>\n<p>&#8222;Ich habe seit einigen Jahren ein Problem, was ich selber l\u00f6sen wollte.<br \/>\nLeider bin ich wohl nur ein &#8222;kleiner&#8220; Mitb\u00fcrger.<\/p>\n<p>Ich f\u00fchle mich n\u00e4mlich so langsam nicht wirklich ernst genommen.<\/p>\n<p>Es geht darum, dass ich versucht habe etwas gegen die wirklich schlimme Raserei bei uns im Dorf zu tun.<\/p>\n<p>Seit dem in dem Industriegebiet &#8230;&#8230;.einige Firmen dazugekommen sind, ist der Stra\u00dfenverkehr um ein vielfaches mehr geworden.<\/p>\n<p>Dadurch ist die Geschwindigkeit und die R\u00fccksichtslosigkeit anderen Verkehrsteilnehmern gegen\u00fcber sehr hoch angestiegen.<\/p>\n<p>Vor einigen Jahren habe ich schon mehrere Emails an verschiedene Einrichtungen geschrieben:\u00a0 Stadt, Landkreis, Wasserschifffahrtsamt &#8211; alle haben\u00a0schon von mir Emails bekommen.<\/p>\n<p>Seit dem die Br\u00fccke in Richtung W.\u00a0neu gebaut worden ist, haben wir nun auch noch den ganzen Schwerlastverkehr, der von der Autobahn ins Industriegebiet H\u00fcntel will oder muss.<\/p>\n<p>Selbst an Sonn- und Feiertagen fahren die LKW von\u00a0R. mit Futter durch unser Dorf.<\/p>\n<p>Ich brauche nun wirklich Hilfe damit wir eventuell eine Verkehrsberuhigung bekommen.<\/p>\n<p>Angeblich kann man hier nichts machen, da &#8222;es eine Kreisstra\u00dfe&#8220; sei.<\/p>\n<p>Es ist sehr schwer f\u00fcr mich noch die richtigen Worte f\u00fcr die Sache zu finden um sachlich zu bleiben.<\/p>\n<p>Bitte versuchen Sie mir\/ uns zu helfen, dass sich hier etwas \u00e4ndert.<\/p>\n<p>Sch\u00f6n w\u00e4re es wenn ich von Ihnen eine positive Nachricht bekommen w\u00fcrde.<\/p>\n<p>BITTE \u00a0HELFEN \u00a0SIE\u00a0 \u00a0UNS.<\/p>\n","protected":false},"excerpt":{"rendered":"<p>Der folgende Brief erreichte uns jetzt. Wir ver\u00f6ffentlichen ihn leicht gek\u00fcrzt und anonym. Die Familie ist uns bekannt. Er steht beispielhaft f\u00fcr die Sorgen, die der wachsende Verkehr vielen Anwohnern [&hellip;]<\/p>\n","protected":false},"author":-1,"featured_media":0,"comment_status":"open","ping_status":"open","sticky":false,"template":"","format":"standard","meta":{"footnotes":""},"categories":[3],"tags":[],"class_list":["post-195","post","type-post","status-publish","format-standard","hentry","category-allgemein"],"_links":{"self":[{"href":"https:\/\/gruene-emsland-mitte.de\/index.php?rest_route=\/wp\/v2\/posts\/195","targetHints":{"allow":["GET"]}}],"collection":[{"href":"https:\/\/gruene-emsland-mitte.de\/index.php?rest_route=\/wp\/v2\/posts"}],"about":[{"href":"https:\/\/gruene-emsland-mitte.de\/index.php?rest_route=\/wp\/v2\/types\/post"}],"author":[{"embeddable":true,"href":"https:\/\/gruene-emsland-mitte.de\/index.php?rest_route=\/wp\/v2\/users\/2"}],"replies":[{"embeddable":true,"href":"https:\/\/gruene-emsland-mitte.de\/index.php?rest_route=%2Fwp%2Fv2%2Fcomments&post=195"}],"version-history":[{"count":4,"href":"https:\/\/gruene-emsland-mitte.de\/index.php?rest_route=\/wp\/v2\/posts\/195\/revisions"}],"predecessor-version":[{"id":197,"href":"https:\/\/gruene-emsland-mitte.de\/index.php?rest_route=\/wp\/v2\/posts\/195\/revisions\/197"}],"wp:attachment":[{"href":"https:\/\/gruene-emsland-mitte.de\/index.php?rest_route=%2Fwp%2Fv2%2Fmedia&parent=195"}],"wp:term":[{"taxonomy":"category","embeddable":true,"href":"https:\/\/gruene-emsland-mitte.de\/index.php?rest_route=%2Fwp%2Fv2%2Fcategories&post=195"},{"taxonomy":"post_tag","embeddable":true,"href":"https:\/\/gruene-emsland-mitte.de\/index.php?rest_route=%2Fwp%2Fv2%2Ftags&post=195"}],"curies":[{"name":"wp","href":"https:\/\/api.w.org\/{rel}","templated":true}]}}