{"id":201,"date":"2013-06-17T21:45:48","date_gmt":"2013-06-17T21:45:48","guid":{"rendered":"http:\/\/die-gruenen-meppen.de\/?p=201"},"modified":"2013-06-17T21:45:48","modified_gmt":"2013-06-17T21:45:48","slug":"ortstermin-bei-huntel","status":"publish","type":"post","link":"https:\/\/gruene-emsland-mitte.de\/?p=201","title":{"rendered":"Ortstermin bei H\u00fcntel"},"content":{"rendered":"<p>Anlass des Ortstermins der Meppener Gr\u00fcnen war das erh\u00f6hte Verkehrsaufkommen durch PKW\u00b4s und LKW\u00b4s seit der Instandsetzung der Wesuwer Br\u00fccke an der Kreisstra\u00dfe 239.<\/p>\n<p>Die Kreisstra\u00dfe 239 ist die k\u00fcrzeste Verbindung der Anwohner s\u00fcdlich der B408 und n\u00f6rdlich der B 402 in \u00f6stlicher Richtung. \u00a0Die A 31 zwischen den Auffahrten Haren (Ems) und Meppen \/ Versen bringt den Verkehr \u00f6stlich am schnellsten in Richtung H\u00fcntel \/ Industriegebiet.<\/p>\n<p>Nadel\u00f6hr der Strecke ist lediglich die einspurige Br\u00fccke in H\u00fcntel \u00fcber die Ems. An dieser Br\u00fccke gibt es immer wieder Verkehrsstaus, weil die Verkehrsteilnehmer teils aus mangelnder Kenntnis der Vorfahrtsregelung, teils aus r\u00fcpelhaftem Verhalten, die Br\u00fccke befahren, sodass der andere Verkehrsteilnehmer stark abbremsen muss. Am Morgen, wenn die Sch\u00fcler die Br\u00fccke befahren, werden sie oft von LKW\u00b4s an die Seite gedr\u00e4ngt. Auch\u00a0gibt es einen st\u00e4ndigen L\u00e4rmpegel, der durch die\u00a0 LKW\u00b4s und zahllosen PKW`s in der Woche seine Toleranzgrenze aufzeigt. Am Wochenende ist es ruhiger, da dann kaum Transporte aus dem Industriegebiet H\u00fcntel kommen. \u00c4ndern l\u00e4sst sich die Situation aber kaum, da es sich um eine Kreisstra\u00dfe und Zubringerstra\u00dfe handelt.<\/p>\n","protected":false},"excerpt":{"rendered":"<p>Anlass des Ortstermins der Meppener Gr\u00fcnen war das erh\u00f6hte Verkehrsaufkommen durch PKW\u00b4s und LKW\u00b4s seit der Instandsetzung der Wesuwer Br\u00fccke an der Kreisstra\u00dfe 239. Die Kreisstra\u00dfe 239 ist die k\u00fcrzeste [&hellip;]<\/p>\n","protected":false},"author":-1,"featured_media":0,"comment_status":"open","ping_status":"open","sticky":false,"template":"","format":"standard","meta":{"footnotes":""},"categories":[3],"tags":[],"class_list":["post-201","post","type-post","status-publish","format-standard","hentry","category-allgemein"],"_links":{"self":[{"href":"https:\/\/gruene-emsland-mitte.de\/index.php?rest_route=\/wp\/v2\/posts\/201","targetHints":{"allow":["GET"]}}],"collection":[{"href":"https:\/\/gruene-emsland-mitte.de\/index.php?rest_route=\/wp\/v2\/posts"}],"about":[{"href":"https:\/\/gruene-emsland-mitte.de\/index.php?rest_route=\/wp\/v2\/types\/post"}],"author":[{"embeddable":true,"href":"https:\/\/gruene-emsland-mitte.de\/index.php?rest_route=\/wp\/v2\/users\/2"}],"replies":[{"embeddable":true,"href":"https:\/\/gruene-emsland-mitte.de\/index.php?rest_route=%2Fwp%2Fv2%2Fcomments&post=201"}],"version-history":[{"count":1,"href":"https:\/\/gruene-emsland-mitte.de\/index.php?rest_route=\/wp\/v2\/posts\/201\/revisions"}],"predecessor-version":[{"id":202,"href":"https:\/\/gruene-emsland-mitte.de\/index.php?rest_route=\/wp\/v2\/posts\/201\/revisions\/202"}],"wp:attachment":[{"href":"https:\/\/gruene-emsland-mitte.de\/index.php?rest_route=%2Fwp%2Fv2%2Fmedia&parent=201"}],"wp:term":[{"taxonomy":"category","embeddable":true,"href":"https:\/\/gruene-emsland-mitte.de\/index.php?rest_route=%2Fwp%2Fv2%2Fcategories&post=201"},{"taxonomy":"post_tag","embeddable":true,"href":"https:\/\/gruene-emsland-mitte.de\/index.php?rest_route=%2Fwp%2Fv2%2Ftags&post=201"}],"curies":[{"name":"wp","href":"https:\/\/api.w.org\/{rel}","templated":true}]}}