{"id":2101,"date":"2021-09-15T08:14:11","date_gmt":"2021-09-15T08:14:11","guid":{"rendered":"https:\/\/gruene-emsland-mitte.de\/?p=2101"},"modified":"2021-09-15T08:15:33","modified_gmt":"2021-09-15T08:15:33","slug":"voller-erfolg-in-geeste-%f0%9f%92%9a-geeste-wird-gruener","status":"publish","type":"post","link":"https:\/\/gruene-emsland-mitte.de\/?p=2101","title":{"rendered":"Voller Erfolg in Geeste.? Geeste wird gr\u00fcner."},"content":{"rendered":"\n<p><\/p>\n\n\n\n<p>Die Gr\u00fcnen ziehen mit einem tollen Ergebnis in den Gemeinderat ein! Von 0 auf 2 &#8211; mit \u00fcber 500 Stimmen zieht Ulrich als Direktkandidat ein.<\/p>\n\n\n\n<p>Nun k\u00f6nnen wir Klimathemen endlich auch direkt im Gemeinderat Geeste diskutieren.<\/p>\n\n\n\n<figure class=\"wp-block-image size-large\"><a href=\"https:\/\/gruene-emsland-mitte.de\/wp-content\/uploads\/2021\/09\/a7f6430c-047f-4190-8551-8fbbbe7a0438.jpg\"><img loading=\"lazy\" decoding=\"async\" width=\"800\" height=\"564\" src=\"https:\/\/gruene-emsland-mitte.de\/wp-content\/uploads\/2021\/09\/a7f6430c-047f-4190-8551-8fbbbe7a0438-800x564.jpg\" alt=\"\" class=\"wp-image-2105\" srcset=\"https:\/\/gruene-emsland-mitte.de\/wp-content\/uploads\/2021\/09\/a7f6430c-047f-4190-8551-8fbbbe7a0438-800x564.jpg 800w, https:\/\/gruene-emsland-mitte.de\/wp-content\/uploads\/2021\/09\/a7f6430c-047f-4190-8551-8fbbbe7a0438-400x282.jpg 400w, https:\/\/gruene-emsland-mitte.de\/wp-content\/uploads\/2021\/09\/a7f6430c-047f-4190-8551-8fbbbe7a0438-768x541.jpg 768w, https:\/\/gruene-emsland-mitte.de\/wp-content\/uploads\/2021\/09\/a7f6430c-047f-4190-8551-8fbbbe7a0438-150x106.jpg 150w, https:\/\/gruene-emsland-mitte.de\/wp-content\/uploads\/2021\/09\/a7f6430c-047f-4190-8551-8fbbbe7a0438.jpg 1240w\" sizes=\"auto, (max-width: 800px) 100vw, 800px\" \/><\/a><\/figure>\n\n\n\n<p>Wir h\u00e4tten sogar einen zweiten Sitz gehabt, aber noch fehlt es uns in Geeste an Mitglieder.<br>Aber: nach der Wahl ist vor der Wahl. Und auch jetzt schon k\u00f6nnt ihr uns gut unterst\u00fctzen.<\/p>\n\n\n\n<p><\/p>\n\n\n\n<p><a href=\"https:\/\/l.facebook.com\/l.php?u=http%3A%2F%2Fwww.gruene-emsland-meppen.de%2F%3Ffbclid%3DIwAR0cdyQyR5pjEjT3M54sU8fytUY5OxQNTSglDuc7d6XtT8w8LVJgewaLofA&amp;h=AT27RGxfAsUslyEWN6_FTiWB7N4eD_ogS9zPeHGJdlb7tx21-RpWuEnZZBjlqQ4Cb3I-bXc4fr7RRqeQ3VXxPzF9m_5KckItVIOM3xz3kiCfccTEb5dR0gYpfU50rAFEu2a07ToGKXUA5hmLeO1lfJK_vqntPLHbWExSNdsuc-glAreL0N3JEe9W5tTY7GGUCdtCT0EBk9sVD7ApXPMzrv6KgSdZLsk7BCWIiYGmakjADD89u5jiy2tOHnukjYoM6BXQ7jc_mgs8gAW9gPVg0WCeYIPOmLNw0sg21EhPxf_LdMCKE8of6m1yt2CQMQvb5rdHxTuTTxl27STsKQuzm_lfJiQInMWm6xCPHw-vDB20MYWa1tKXq9q0zoAfPXBqIwVp5vnRvS8KHSrVd93jfc2mIXs0kVGvVdocXzei1YiWKYIiQT-HaZ1sJkEK-6AeiDnqYP1w4Gh6gR6FxSoAWV16uXan1lJ9Q_3yywBwIbMZ-VWKtPKo6Z3X_K4vTpiSLYYgmGdjbKusZsWQTdc5bUIH9Kkn_ObLnum21lSkXM_DS1rX2W96IKpSEwmUbobBukEIDks_ybW3fnAS-p_K\" target=\"_blank\" rel=\"noreferrer noopener\">www.gruene-emsland-meppen.de<\/a><\/p>\n\n\n\n<p><a href=\"https:\/\/www.facebook.com\/hashtag\/geeste?source=feed_text&amp;epa=HASHTAG&amp;__xts__%5B0%5D=68.ARBkS68ENXN3F2GMPbfGUnkkEg-vz50VeZBeRLCLx8QXSnQyI9TH9Lsiya79iVl12eMT2dt4dSK7yOeD_ngge1x0E-MibjKbGnuXfRPjn-SrdUDQ3W5Mqmksc_LgSc7llXH3jZUit82doQ4654CeMTJN9_KBg8aSaWmVcttFvdsez50k20Idrf1_3s7uFvuQU_g-sC1A-LaujlfHJjzLO6KVAYvuQzLpeaE3Z7mgFeoJgeton6AsohaIOHRaHBwpk8yuDVTOKfPeZffmMLsbLI2xaRvV8y74Ksq0WMl4FSkW07_J7E4rYzM&amp;__tn__=%2ANK-R\">#geeste<\/a>&nbsp;<a href=\"https:\/\/www.facebook.com\/hashtag\/gemeinderatgeste?source=feed_text&amp;epa=HASHTAG&amp;__xts__%5B0%5D=68.ARBkS68ENXN3F2GMPbfGUnkkEg-vz50VeZBeRLCLx8QXSnQyI9TH9Lsiya79iVl12eMT2dt4dSK7yOeD_ngge1x0E-MibjKbGnuXfRPjn-SrdUDQ3W5Mqmksc_LgSc7llXH3jZUit82doQ4654CeMTJN9_KBg8aSaWmVcttFvdsez50k20Idrf1_3s7uFvuQU_g-sC1A-LaujlfHJjzLO6KVAYvuQzLpeaE3Z7mgFeoJgeton6AsohaIOHRaHBwpk8yuDVTOKfPeZffmMLsbLI2xaRvV8y74Ksq0WMl4FSkW07_J7E4rYzM&amp;__tn__=%2ANK-R\">#gemeinderatgeste<\/a>&nbsp;<a href=\"https:\/\/www.facebook.com\/hashtag\/gr%C3%BCn?source=feed_text&amp;epa=HASHTAG&amp;__xts__%5B0%5D=68.ARBkS68ENXN3F2GMPbfGUnkkEg-vz50VeZBeRLCLx8QXSnQyI9TH9Lsiya79iVl12eMT2dt4dSK7yOeD_ngge1x0E-MibjKbGnuXfRPjn-SrdUDQ3W5Mqmksc_LgSc7llXH3jZUit82doQ4654CeMTJN9_KBg8aSaWmVcttFvdsez50k20Idrf1_3s7uFvuQU_g-sC1A-LaujlfHJjzLO6KVAYvuQzLpeaE3Z7mgFeoJgeton6AsohaIOHRaHBwpk8yuDVTOKfPeZffmMLsbLI2xaRvV8y74Ksq0WMl4FSkW07_J7E4rYzM&amp;__tn__=%2ANK-R\">#gr\u00fcn<\/a><\/p>\n\n\n\n<p>Statistiken:<br><a href=\"http:\/\/vote-aws.kdo.de\/20210912\/03454014\/praesentation\/ergebnis.html?wahl_id=222&amp;stimmentyp=0&amp;id=ebene_3_id_555\">http:\/\/vote-aws.kdo.de\/\u2026\/03454\u2026\/praesentation\/ergebnis.html<\/a><a href=\"http:\/\/vote-aws.kdo.de\/20210912\/03454014\/praesentation\/ergebnis.html?wahl_id=222&amp;stimmentyp=0&amp;id=ebene_3_id_555\" target=\"_blank\" rel=\"noreferrer noopener\">\u2026<\/a><\/p>\n\n\n\n<p><\/p>\n\n\n\n<figure class=\"wp-block-image size-large\"><a href=\"https:\/\/gruene-emsland-mitte.de\/wp-content\/uploads\/2021\/09\/geeste-gewinn-verlust.png\"><img loading=\"lazy\" decoding=\"async\" width=\"800\" height=\"400\" src=\"https:\/\/gruene-emsland-mitte.de\/wp-content\/uploads\/2021\/09\/geeste-gewinn-verlust-800x400.png\" alt=\"\" class=\"wp-image-2104\" srcset=\"https:\/\/gruene-emsland-mitte.de\/wp-content\/uploads\/2021\/09\/geeste-gewinn-verlust-800x400.png 800w, https:\/\/gruene-emsland-mitte.de\/wp-content\/uploads\/2021\/09\/geeste-gewinn-verlust-400x200.png 400w, https:\/\/gruene-emsland-mitte.de\/wp-content\/uploads\/2021\/09\/geeste-gewinn-verlust-768x384.png 768w, https:\/\/gruene-emsland-mitte.de\/wp-content\/uploads\/2021\/09\/geeste-gewinn-verlust-150x75.png 150w, https:\/\/gruene-emsland-mitte.de\/wp-content\/uploads\/2021\/09\/geeste-gewinn-verlust.png 1082w\" sizes=\"auto, (max-width: 800px) 100vw, 800px\" \/><\/a><\/figure>\n\n\n\n<figure class=\"wp-block-image size-full\"><a href=\"https:\/\/gruene-emsland-mitte.de\/wp-content\/uploads\/2021\/09\/geeste-prozent.png\"><img loading=\"lazy\" decoding=\"async\" width=\"607\" height=\"468\" src=\"https:\/\/gruene-emsland-mitte.de\/wp-content\/uploads\/2021\/09\/geeste-prozent.png\" alt=\"\" class=\"wp-image-2102\" srcset=\"https:\/\/gruene-emsland-mitte.de\/wp-content\/uploads\/2021\/09\/geeste-prozent.png 607w, https:\/\/gruene-emsland-mitte.de\/wp-content\/uploads\/2021\/09\/geeste-prozent-400x308.png 400w, https:\/\/gruene-emsland-mitte.de\/wp-content\/uploads\/2021\/09\/geeste-prozent-150x116.png 150w\" sizes=\"auto, (max-width: 607px) 100vw, 607px\" \/><\/a><\/figure>\n\n\n\n<figure class=\"wp-block-image size-full\"><a href=\"https:\/\/gruene-emsland-mitte.de\/wp-content\/uploads\/2021\/09\/geeste-sitze.png\"><img loading=\"lazy\" decoding=\"async\" width=\"607\" height=\"404\" src=\"https:\/\/gruene-emsland-mitte.de\/wp-content\/uploads\/2021\/09\/geeste-sitze.png\" alt=\"\" class=\"wp-image-2103\" srcset=\"https:\/\/gruene-emsland-mitte.de\/wp-content\/uploads\/2021\/09\/geeste-sitze.png 607w, https:\/\/gruene-emsland-mitte.de\/wp-content\/uploads\/2021\/09\/geeste-sitze-400x266.png 400w, https:\/\/gruene-emsland-mitte.de\/wp-content\/uploads\/2021\/09\/geeste-sitze-150x100.png 150w\" sizes=\"auto, (max-width: 607px) 100vw, 607px\" \/><\/a><\/figure>\n","protected":false},"excerpt":{"rendered":"<p>Die Gr\u00fcnen ziehen mit einem tollen Ergebnis in den Gemeinderat ein! Von 0 auf 2 &#8211; mit \u00fcber 500 Stimmen zieht Ulrich als Direktkandidat ein. Nun k\u00f6nnen wir Klimathemen endlich [&hellip;]<\/p>\n","protected":false},"author":-1,"featured_media":2105,"comment_status":"closed","ping_status":"open","sticky":false,"template":"","format":"standard","meta":{"footnotes":""},"categories":[17,93],"tags":[94,124],"class_list":["post-2101","post","type-post","status-publish","format-standard","has-post-thumbnail","hentry","category-emsland-mitte","category-geeste","tag-geeste","tag-kommunalwahl2021"],"_links":{"self":[{"href":"https:\/\/gruene-emsland-mitte.de\/index.php?rest_route=\/wp\/v2\/posts\/2101","targetHints":{"allow":["GET"]}}],"collection":[{"href":"https:\/\/gruene-emsland-mitte.de\/index.php?rest_route=\/wp\/v2\/posts"}],"about":[{"href":"https:\/\/gruene-emsland-mitte.de\/index.php?rest_route=\/wp\/v2\/types\/post"}],"author":[{"embeddable":true,"href":"https:\/\/gruene-emsland-mitte.de\/index.php?rest_route=\/wp\/v2\/users\/4"}],"replies":[{"embeddable":true,"href":"https:\/\/gruene-emsland-mitte.de\/index.php?rest_route=%2Fwp%2Fv2%2Fcomments&post=2101"}],"version-history":[{"count":1,"href":"https:\/\/gruene-emsland-mitte.de\/index.php?rest_route=\/wp\/v2\/posts\/2101\/revisions"}],"predecessor-version":[{"id":2106,"href":"https:\/\/gruene-emsland-mitte.de\/index.php?rest_route=\/wp\/v2\/posts\/2101\/revisions\/2106"}],"wp:featuredmedia":[{"embeddable":true,"href":"https:\/\/gruene-emsland-mitte.de\/index.php?rest_route=\/wp\/v2\/media\/2105"}],"wp:attachment":[{"href":"https:\/\/gruene-emsland-mitte.de\/index.php?rest_route=%2Fwp%2Fv2%2Fmedia&parent=2101"}],"wp:term":[{"taxonomy":"category","embeddable":true,"href":"https:\/\/gruene-emsland-mitte.de\/index.php?rest_route=%2Fwp%2Fv2%2Fcategories&post=2101"},{"taxonomy":"post_tag","embeddable":true,"href":"https:\/\/gruene-emsland-mitte.de\/index.php?rest_route=%2Fwp%2Fv2%2Ftags&post=2101"}],"curies":[{"name":"wp","href":"https:\/\/api.w.org\/{rel}","templated":true}]}}