{"id":213,"date":"2013-09-23T22:01:59","date_gmt":"2013-09-23T22:01:59","guid":{"rendered":"http:\/\/die-gruenen-meppen.de\/?p=213"},"modified":"2013-09-23T22:11:07","modified_gmt":"2013-09-23T22:11:07","slug":"liebe-wahlerinnen-und-wahler","status":"publish","type":"post","link":"https:\/\/gruene-emsland-mitte.de\/?p=213","title":{"rendered":"Liebe W\u00e4hlerinnen und W\u00e4hler"},"content":{"rendered":"<p>Liebe W\u00e4hlerinnen und W\u00e4hler, liebe Unterst\u00fctzer,<\/p>\n<p>erst einmal Danke f\u00fcr Ihre\/eure Stimmen,euren pers\u00f6nlichen Einsatz in den vergangenen Wochen.<\/p>\n<p>Danke an Birgit Kemmer f\u00fcr ihren unerm\u00fcdlichen Wahlkampfgeist, der unseren Respekt verdient. Der n\u00e4chste Europa-Wahlkampf steht bevor, und wir k\u00f6nnen wieder zu alter Form zur\u00fcckfinden.<\/p>\n<p>Im Vergleich zur BT-Wahl 2009 haben wir etwa ein Prozent in Meppen bei den Erststimmen verloren, bei den Zweitstimmen 1,3 %.<\/p>\n<p>Insgesamt haben wir heute in Meppen 6,46 % Erststimmen und 6,54 % Zweitstimmen erhalten. (Lingen 7,57 \/ 6,19).<\/p>\n<p>Im Wahlkreis 31\u00a0 Mittelems haben wir 4,97 % bzw.\u00a0 5,41 % erhalten.<\/p>\n<p>Die guten Ergebnisse der vergangenen Kommunal- und Landtagswahl sind also erst einmal Geschichte &#8230;<\/p>\n<p>Doch wir sind bald wieder im Gespr\u00e4ch &#8230;<\/p>\n<p>Landkreis Emsland 5,50 % (1) 5,11 % (2)<br \/>\nGrafschaft-Bentheim 4,23 % (1) 5,83 % (2)<\/p>\n<p>Lingen 7,57 % (1) 6,19 % (2),<br \/>\nMeppen 6,46 % (1) 6,54 % (2)<br \/>\nBentheim 5,03 % (1) 7,45 % (2)<br \/>\nNordhorn 5,16 % (1) 6,81 % (2)<br \/>\nSch\u00fcttorf 4,32 % (1) 6,31 % (2)<\/p>\n","protected":false},"excerpt":{"rendered":"<p>Liebe W\u00e4hlerinnen und W\u00e4hler, liebe Unterst\u00fctzer, erst einmal Danke f\u00fcr Ihre\/eure Stimmen,euren pers\u00f6nlichen Einsatz in den vergangenen Wochen. Danke an Birgit Kemmer f\u00fcr ihren unerm\u00fcdlichen Wahlkampfgeist, der unseren Respekt verdient. [&hellip;]<\/p>\n","protected":false},"author":-1,"featured_media":0,"comment_status":"open","ping_status":"open","sticky":false,"template":"","format":"standard","meta":{"footnotes":""},"categories":[3],"tags":[],"class_list":["post-213","post","type-post","status-publish","format-standard","hentry","category-allgemein"],"_links":{"self":[{"href":"https:\/\/gruene-emsland-mitte.de\/index.php?rest_route=\/wp\/v2\/posts\/213","targetHints":{"allow":["GET"]}}],"collection":[{"href":"https:\/\/gruene-emsland-mitte.de\/index.php?rest_route=\/wp\/v2\/posts"}],"about":[{"href":"https:\/\/gruene-emsland-mitte.de\/index.php?rest_route=\/wp\/v2\/types\/post"}],"author":[{"embeddable":true,"href":"https:\/\/gruene-emsland-mitte.de\/index.php?rest_route=\/wp\/v2\/users\/2"}],"replies":[{"embeddable":true,"href":"https:\/\/gruene-emsland-mitte.de\/index.php?rest_route=%2Fwp%2Fv2%2Fcomments&post=213"}],"version-history":[{"count":3,"href":"https:\/\/gruene-emsland-mitte.de\/index.php?rest_route=\/wp\/v2\/posts\/213\/revisions"}],"predecessor-version":[{"id":221,"href":"https:\/\/gruene-emsland-mitte.de\/index.php?rest_route=\/wp\/v2\/posts\/213\/revisions\/221"}],"wp:attachment":[{"href":"https:\/\/gruene-emsland-mitte.de\/index.php?rest_route=%2Fwp%2Fv2%2Fmedia&parent=213"}],"wp:term":[{"taxonomy":"category","embeddable":true,"href":"https:\/\/gruene-emsland-mitte.de\/index.php?rest_route=%2Fwp%2Fv2%2Fcategories&post=213"},{"taxonomy":"post_tag","embeddable":true,"href":"https:\/\/gruene-emsland-mitte.de\/index.php?rest_route=%2Fwp%2Fv2%2Ftags&post=213"}],"curies":[{"name":"wp","href":"https:\/\/api.w.org\/{rel}","templated":true}]}}