{"id":2138,"date":"2021-10-19T11:33:44","date_gmt":"2021-10-19T11:33:44","guid":{"rendered":"https:\/\/gruene-emsland-mitte.de\/?p=2138"},"modified":"2021-10-19T11:33:44","modified_gmt":"2021-10-19T11:33:44","slug":"gruene-und-spd-wollen-politik-in-haren-gemeinsam-gestalten","status":"publish","type":"post","link":"https:\/\/gruene-emsland-mitte.de\/?p=2138","title":{"rendered":"Gr\u00fcne und SPD wollen Politik in Haren gemeinsam gestalten"},"content":{"rendered":"\n<p><strong>Die Fraktionen von Gr\u00fcnen und SPD im Harener Stadtrat haben eine Ratsgruppe gebildet. Das zehnk\u00f6pfige Team der Gr\u00fcnen- und der SPD-Ratsmitglieder will sich in den kommenden f\u00fcnf Jahren gemeinsam f\u00fcr eine soziale und umweltfreundliche Politik in Haren einsetzen.<\/strong><\/p>\n\n\n\n<p>Der Gruppe wird Heinz Pinkernell vorstehen. Zuvor ist Pinkernell von der SPD-Fraktion einstimmig zum Fraktionsvorsitzenden gew\u00e4hlt worden. Stellvertretende Gruppensprecher sind Christian Engelken (Gr\u00fcne) und Georg Berenzen (SPD). Die Gesch\u00e4ftsf\u00fchrung \u00fcbernimmt Theresa Janssen (SPD).<\/p>\n\n\n\n<p>Leicht gemacht haben sich die beiden Parteien die Entscheidung nicht, wie Pinkernell betont: \u201eWir haben zun\u00e4chst intern intensiv diskutiert, ob der Zusammenschluss zielf\u00fchrend ist.\u201c Dann habe es drei l\u00e4ngere Gespr\u00e4che mit allen Beteiligten gegeben, die alle positiv verlaufen seien. \u201eWir haben schnell den Eindruck gewonnen, dass die drei neuen Ratskollegen der Gr\u00fcnen in der Harener Politik etwas bewegen wollen. Das hat f\u00fcr uns den Ausschlag gegeben\u201c, erkl\u00e4rt Pinkernell. Christian Engelken berichtet: \u201eInhaltlich sind wir sehr nahe beieinander. Was die SPD fordert, k\u00f6nnen wir mittragen\u201c, so Engelken. Ebenso habe sich die SPD zu den Themen ge\u00e4u\u00dfert, die den Gr\u00fcnen wichtig seien.<\/p>\n\n\n\n<p>Durch die Gruppenbildung erhoffen sich die Ratsfraktionen einen f\u00fcr beide Seiten gewinnbringenden politischen Austausch und eine bessere Au\u00dfenwahrnehmung der gemeinsamen politischen Ziele. Die liegen laut Engelken sowohl im sozial- als auch im umweltpolitischen Bereich. \u201eDas Thema Nachhaltigkeit bei allen politischen Entscheidungen ist f\u00fcr uns kein blo\u00dfes Lippenbekenntnis\u201c, so Engelken. Die Gruppe stehe f\u00fcr eine sozial gerechte, wirtschaftlich solide aufgestellte und umweltfreundliche Stadt Haren. Im Detail gebe es unter anderem viel zu tun bei der Schaffung von sozialem Wohnraum, beim Ausbau der Radwegeinfrastruktur und der Ausstattung der Schulen, erg\u00e4nzt Pinkernell.<\/p>\n\n\n\n<p>Die W\u00e4hler h\u00e4tten bei der Kommunalwahl klar gemacht, dass die CDU-Politik in Haren l\u00e4ngst nicht mehr unumstritten sei, wie Pinkernell und Engelken betonen. Die Oppositionsfraktionen seien mit insgesamt 14 Sitzen so stark wie noch nie im Rat vertreten. Entsprechend selbstbewusst werde die SPD-Gr\u00fcnen-Gruppe an ihre Arbeit herangehen.<\/p>\n","protected":false},"excerpt":{"rendered":"<p>Die Fraktionen von Gr\u00fcnen und SPD im Harener Stadtrat haben eine Ratsgruppe gebildet. Das zehnk\u00f6pfige Team der Gr\u00fcnen- und der SPD-Ratsmitglieder will sich in den kommenden f\u00fcnf Jahren gemeinsam f\u00fcr [&hellip;]<\/p>\n","protected":false},"author":-1,"featured_media":2139,"comment_status":"closed","ping_status":"open","sticky":false,"template":"","format":"standard","meta":{"footnotes":""},"categories":[18,17,89],"tags":[90,124,55,34],"class_list":["post-2138","post","type-post","status-publish","format-standard","has-post-thumbnail","hentry","category-emsland","category-emsland-mitte","category-haren","tag-haren","tag-kommunalwahl2021","tag-pressemitteilung","tag-wahlen"],"_links":{"self":[{"href":"https:\/\/gruene-emsland-mitte.de\/index.php?rest_route=\/wp\/v2\/posts\/2138","targetHints":{"allow":["GET"]}}],"collection":[{"href":"https:\/\/gruene-emsland-mitte.de\/index.php?rest_route=\/wp\/v2\/posts"}],"about":[{"href":"https:\/\/gruene-emsland-mitte.de\/index.php?rest_route=\/wp\/v2\/types\/post"}],"author":[{"embeddable":true,"href":"https:\/\/gruene-emsland-mitte.de\/index.php?rest_route=\/wp\/v2\/users\/5"}],"replies":[{"embeddable":true,"href":"https:\/\/gruene-emsland-mitte.de\/index.php?rest_route=%2Fwp%2Fv2%2Fcomments&post=2138"}],"version-history":[{"count":1,"href":"https:\/\/gruene-emsland-mitte.de\/index.php?rest_route=\/wp\/v2\/posts\/2138\/revisions"}],"predecessor-version":[{"id":2140,"href":"https:\/\/gruene-emsland-mitte.de\/index.php?rest_route=\/wp\/v2\/posts\/2138\/revisions\/2140"}],"wp:featuredmedia":[{"embeddable":true,"href":"https:\/\/gruene-emsland-mitte.de\/index.php?rest_route=\/wp\/v2\/media\/2139"}],"wp:attachment":[{"href":"https:\/\/gruene-emsland-mitte.de\/index.php?rest_route=%2Fwp%2Fv2%2Fmedia&parent=2138"}],"wp:term":[{"taxonomy":"category","embeddable":true,"href":"https:\/\/gruene-emsland-mitte.de\/index.php?rest_route=%2Fwp%2Fv2%2Fcategories&post=2138"},{"taxonomy":"post_tag","embeddable":true,"href":"https:\/\/gruene-emsland-mitte.de\/index.php?rest_route=%2Fwp%2Fv2%2Ftags&post=2138"}],"curies":[{"name":"wp","href":"https:\/\/api.w.org\/{rel}","templated":true}]}}