{"id":2213,"date":"2021-11-14T12:28:40","date_gmt":"2021-11-14T12:28:40","guid":{"rendered":"https:\/\/gruene-emsland-mitte.de\/?p=2213"},"modified":"2021-11-14T18:15:45","modified_gmt":"2021-11-14T18:15:45","slug":"stadtrat-meppen-konstituierende-sitzung","status":"publish","type":"post","link":"https:\/\/gruene-emsland-mitte.de\/?p=2213","title":{"rendered":"Stadtrat Meppen: Konstituierende Sitzung"},"content":{"rendered":"\n<h2 class=\"wp-block-heading\">Konstituierende Sitzung des Meppener Rates endete mit zwei Ehren\u00e4mtern f\u00fcr die Gr\u00fcnen.<\/h2>\n\n\n\n<p class=\"has-medium-font-size\">Mit Hermann Sievers erh\u00e4lt der Meppener Rat zum ersten Mal einen gr\u00fcnen Ratsvorsitz. Er wurde in geheimer Abstimmung mit 23 Stimmen der 39 wahlberechtigten Ratsmitglieder gew\u00e4hlt. 22. Stimmen konnte Martin Tecklenburg in der anschlie\u00dfenden Wahl zum stellvertretenden B\u00fcrgermeister auf sich vereinigen. Offensichtlich hatten die Gr\u00fcnen mit der CDU eine \u201eZ\u00e4hlgemeinschaft\u201c geschmiedet, da die Gr\u00fcnen von den anderen Parteien keine Gespr\u00e4chsangebote erhielten. Hier f\u00fchlten die Gr\u00fcnen sich nicht mehr repr\u00e4sentiert.<br><br>Nat\u00fcrlich ergibt sich keine feste Koalitionsabsicht mit der CDU, aber mit 6 Stimmen kann im Rat jetzt schon in Konstellationen verhandelt werden, die man sich vorher so nicht vorstellen konnte. Mit 3 Ratsmitgliedern konnten wir wenig bewirken, jetzt sieht die Situation anders aus, so der Fraktionsvorsitzende und neue stellvertretende B\u00fcrgermeister. 6 Stimmen k\u00f6nnen f\u00fcr bestimmte Entscheidungen ma\u00dfgeblich sein.<br><br>Zun\u00e4chst wollen wir uns an die Baumschutzsatzung und an die Projekte, mit denen wir in unserem Flyern geworben haben heranmachen. Das sind u.a.: Gr\u00fcndung einer Wohnungsbaugesellschaft, Umsetzung des Fahrradkonzepts, Erweiterung des Skaterparks und Versch\u00f6nerung des Marktplatzes. Vielleicht gelingt es ja auch, dass sich in n\u00e4chster Zeit ein Bio-Bauer hier ansiedelt, damit die Forderungen des Nieders\u00e4chsischen Weges eingehalten werden k\u00f6nnen.<br><br>Jetzt tagt zun\u00e4chst die neue Fraktion, der erweiterte Vorstand trifft sich vor der Weihnachtsfeier des OV und au\u00dferdem werden nach und nach die Ergebnisse der AGs in Antr\u00e4ge umgesetzt.<br><br>Die neue Fraktion m\u00f6chte sich auf diesem Wege bei allen bedanken, die zu diesem erfolgreichen Weg der Meppener Gr\u00fcnen beigetragen haben.<\/p>\n\n\n\n<figure class=\"wp-block-image size-large\"><a href=\"https:\/\/gruene-emsland-mitte.de\/wp-content\/uploads\/2021\/11\/die-stellvertr-facebook-sharepic.jpg\"><img loading=\"lazy\" decoding=\"async\" width=\"800\" height=\"420\" src=\"https:\/\/gruene-emsland-mitte.de\/wp-content\/uploads\/2021\/11\/die-stellvertr-facebook-sharepic-800x420.jpg\" alt=\"Ratsvorsitz Meppen\" class=\"wp-image-2214\" srcset=\"https:\/\/gruene-emsland-mitte.de\/wp-content\/uploads\/2021\/11\/die-stellvertr-facebook-sharepic-800x420.jpg 800w, https:\/\/gruene-emsland-mitte.de\/wp-content\/uploads\/2021\/11\/die-stellvertr-facebook-sharepic-400x210.jpg 400w, https:\/\/gruene-emsland-mitte.de\/wp-content\/uploads\/2021\/11\/die-stellvertr-facebook-sharepic-768x403.jpg 768w, https:\/\/gruene-emsland-mitte.de\/wp-content\/uploads\/2021\/11\/die-stellvertr-facebook-sharepic-150x79.jpg 150w, https:\/\/gruene-emsland-mitte.de\/wp-content\/uploads\/2021\/11\/die-stellvertr-facebook-sharepic.jpg 1200w\" sizes=\"auto, (max-width: 800px) 100vw, 800px\" \/><\/a><\/figure>\n","protected":false},"excerpt":{"rendered":"<p>Konstituierende Sitzung des Meppener Rates endete mit zwei Ehren\u00e4mtern f\u00fcr die Gr\u00fcnen. Mit Hermann Sievers erh\u00e4lt der Meppener Rat zum ersten Mal einen gr\u00fcnen Ratsvorsitz. Er wurde in geheimer Abstimmung [&hellip;]<\/p>\n","protected":false},"author":-1,"featured_media":2214,"comment_status":"closed","ping_status":"open","sticky":false,"template":"","format":"standard","meta":{"footnotes":""},"categories":[26],"tags":[129,130,64],"class_list":["post-2213","post","type-post","status-publish","format-standard","has-post-thumbnail","hentry","category-meppen","tag-fraktion","tag-konstituierende-sitzung","tag-meppen"],"_links":{"self":[{"href":"https:\/\/gruene-emsland-mitte.de\/index.php?rest_route=\/wp\/v2\/posts\/2213","targetHints":{"allow":["GET"]}}],"collection":[{"href":"https:\/\/gruene-emsland-mitte.de\/index.php?rest_route=\/wp\/v2\/posts"}],"about":[{"href":"https:\/\/gruene-emsland-mitte.de\/index.php?rest_route=\/wp\/v2\/types\/post"}],"author":[{"embeddable":true,"href":"https:\/\/gruene-emsland-mitte.de\/index.php?rest_route=\/wp\/v2\/users\/4"}],"replies":[{"embeddable":true,"href":"https:\/\/gruene-emsland-mitte.de\/index.php?rest_route=%2Fwp%2Fv2%2Fcomments&post=2213"}],"version-history":[{"count":3,"href":"https:\/\/gruene-emsland-mitte.de\/index.php?rest_route=\/wp\/v2\/posts\/2213\/revisions"}],"predecessor-version":[{"id":2219,"href":"https:\/\/gruene-emsland-mitte.de\/index.php?rest_route=\/wp\/v2\/posts\/2213\/revisions\/2219"}],"wp:featuredmedia":[{"embeddable":true,"href":"https:\/\/gruene-emsland-mitte.de\/index.php?rest_route=\/wp\/v2\/media\/2214"}],"wp:attachment":[{"href":"https:\/\/gruene-emsland-mitte.de\/index.php?rest_route=%2Fwp%2Fv2%2Fmedia&parent=2213"}],"wp:term":[{"taxonomy":"category","embeddable":true,"href":"https:\/\/gruene-emsland-mitte.de\/index.php?rest_route=%2Fwp%2Fv2%2Fcategories&post=2213"},{"taxonomy":"post_tag","embeddable":true,"href":"https:\/\/gruene-emsland-mitte.de\/index.php?rest_route=%2Fwp%2Fv2%2Ftags&post=2213"}],"curies":[{"name":"wp","href":"https:\/\/api.w.org\/{rel}","templated":true}]}}