{"id":2258,"date":"2022-01-17T09:19:42","date_gmt":"2022-01-17T09:19:42","guid":{"rendered":"https:\/\/gruene-emsland-mitte.de\/?p=2258"},"modified":"2022-02-01T12:48:04","modified_gmt":"2022-02-01T12:48:04","slug":"veranstaltunghinweis-zukunftsfragen-der-landwirtschaft-25-1-22","status":"publish","type":"post","link":"https:\/\/gruene-emsland-mitte.de\/?p=2258","title":{"rendered":"Veranstaltunghinweis: Zukunftsfragen der Landwirtschaft. 25.1.22"},"content":{"rendered":"\n<p class=\"has-medium-font-size\">Die Arbeitsgruppe &#8222;Landwirtschaft&#8220; der Gr\u00fcnen Emsland Mitte l\u00e4dt am 25.01.2022 um 19:30 Uhr zu einer Online Veranstaltung ein.<br>Bei der Videokonferenz wird es um die Zukunft der Landwirtschaft gehen. An der Konferenz wird die Gr\u00fcne Landtagsabgeordnete und Sprecherin f\u00fcr Landwirtschaft &amp; Ern\u00e4hrung, Atompolitik, Tierschutz, Forst, Jagd &amp; Fischerei Miriam Staudte und der Sprecher von &#8222;Land schafft Verbindung Emsland und die Grafschaft Bentheim&#8220; Matthias Everinghoff an dem Abend teilnehmen.<br>Diskutieren Sie gerne mit oder stellen Sie Fragen. Eine Anmeldung ist unter landwirtschaft@gruene-el-mitte.de m\u00f6glich.<\/p>\n\n\n\n<figure class=\"wp-block-image size-large\"><a href=\"https:\/\/gruene-emsland-mitte.de\/wp-content\/uploads\/2022\/01\/Unbenannt-1.jpg\"><img decoding=\"async\" src=\"https:\/\/gruene-emsland-mitte.de\/wp-content\/uploads\/2022\/01\/Unbenannt-1-800x800.jpg\" alt=\"\" class=\"wp-image-2260\"\/><\/a><\/figure>\n","protected":false},"excerpt":{"rendered":"<p>Die Arbeitsgruppe &#8222;Landwirtschaft&#8220; der Gr\u00fcnen Emsland Mitte l\u00e4dt am 25.01.2022 um 19:30 Uhr zu einer Online Veranstaltung ein.Bei der Videokonferenz wird es um die Zukunft der Landwirtschaft gehen. An der [&hellip;]<\/p>\n","protected":false},"author":-1,"featured_media":2259,"comment_status":"closed","ping_status":"open","sticky":false,"template":"","format":"standard","meta":{"footnotes":""},"categories":[17],"tags":[],"class_list":["post-2258","post","type-post","status-publish","format-standard","has-post-thumbnail","hentry","category-emsland-mitte"],"_links":{"self":[{"href":"https:\/\/gruene-emsland-mitte.de\/index.php?rest_route=\/wp\/v2\/posts\/2258","targetHints":{"allow":["GET"]}}],"collection":[{"href":"https:\/\/gruene-emsland-mitte.de\/index.php?rest_route=\/wp\/v2\/posts"}],"about":[{"href":"https:\/\/gruene-emsland-mitte.de\/index.php?rest_route=\/wp\/v2\/types\/post"}],"author":[{"embeddable":true,"href":"https:\/\/gruene-emsland-mitte.de\/index.php?rest_route=\/wp\/v2\/users\/4"}],"replies":[{"embeddable":true,"href":"https:\/\/gruene-emsland-mitte.de\/index.php?rest_route=%2Fwp%2Fv2%2Fcomments&post=2258"}],"version-history":[{"count":1,"href":"https:\/\/gruene-emsland-mitte.de\/index.php?rest_route=\/wp\/v2\/posts\/2258\/revisions"}],"predecessor-version":[{"id":2261,"href":"https:\/\/gruene-emsland-mitte.de\/index.php?rest_route=\/wp\/v2\/posts\/2258\/revisions\/2261"}],"wp:featuredmedia":[{"embeddable":true,"href":"https:\/\/gruene-emsland-mitte.de\/index.php?rest_route=\/wp\/v2\/media\/2259"}],"wp:attachment":[{"href":"https:\/\/gruene-emsland-mitte.de\/index.php?rest_route=%2Fwp%2Fv2%2Fmedia&parent=2258"}],"wp:term":[{"taxonomy":"category","embeddable":true,"href":"https:\/\/gruene-emsland-mitte.de\/index.php?rest_route=%2Fwp%2Fv2%2Fcategories&post=2258"},{"taxonomy":"post_tag","embeddable":true,"href":"https:\/\/gruene-emsland-mitte.de\/index.php?rest_route=%2Fwp%2Fv2%2Ftags&post=2258"}],"curies":[{"name":"wp","href":"https:\/\/api.w.org\/{rel}","templated":true}]}}