{"id":2288,"date":"2022-02-01T12:46:06","date_gmt":"2022-02-01T12:46:06","guid":{"rendered":"https:\/\/gruene-emsland-mitte.de\/?p=2288"},"modified":"2022-02-01T12:47:20","modified_gmt":"2022-02-01T12:47:20","slug":"demo-gegen-verschwoerungsideologie","status":"publish","type":"post","link":"https:\/\/gruene-emsland-mitte.de\/?p=2288","title":{"rendered":"Demo gegen Verschw\u00f6rungsideologie"},"content":{"rendered":"\n<p class=\"has-medium-font-size\">Statt &#8222;Spazierg\u00e4nge in Meppen&#8220; Gegendemo: wir sind mehr. F\u00fcr eine offene, tolerante Gesellschaft. Gegen Verschw\u00f6rungsideologien.<br><br>Die Demo wurde organisiert von Fridays for Future Meppen.<br><br>Der dazugeh\u00f6rige Artikel in der Noz:<br><br>https:\/\/www.noz.de\/lokales\/meppen\/artikel\/corona-grosse-gegen-kundgebung-kleinere-demo-in-meppen-21069445<br><br>Anbei der Wortbeitrag von unserer Kreistagsabgeordneten Melanie Kuipers:<br>Weitere Wortbeitr\u00e4ge gab es u.A. von der Gr\u00fcnen Jugend, Fridays for Future, den Gr\u00fcnen aus Bad-Bentheim, etc&#8230;<\/p>\n\n\n\n<p class=\"has-vivid-cyan-blue-color has-text-color has-medium-font-size\">Ich glaube, alle die hier heute Abend stehen, haben ein gemeinsames Ziel: Wir wollen zur\u00fcck zu einem Leben ohne Pandemie.<br>K\u00f6nnt ihr euch noch an die \u00c4ngste erinnern, die damals hatten? Wir haben uns gefragt, wie schlimm dieses Virus ist und ob es einen Impfstoff geben wird\u2026 Zum Gl\u00fcck konnten wir mit Hilfe von Medizinern und Wissenschaftlern viele diese \u00c4ngste bisher beseitigen.<br>Doch auch andere \u00c4ngste sind bei einigen entstanden:<br>Verunsicherung und Misstrauen in unsere Demokratie und in unsere Regierung.<br>Genau diese Verunsicherung wird von einigen Gruppierungen ausgenutzt, um ein Bild entstehen zu lassen von zwei Lagern, die sich feindlich gegen\u00fcberstehen. Es ist v\u00f6llig in Ordnung, Angst oder Misstrauen zu haben. Doch es ist respektlos und verantwortungslos, durch gezielte Desinformation Menschen in Angst zu versetzen und sie bewusst dazu zu bringen, sich und andere zu gef\u00e4hrden.<br>Es ist doch auff\u00e4llig, dass Verschw\u00f6rungstheorien immer von etwas B\u00f6sen und Schlimmen ausgehen und nie von etwas Guten und Sch\u00f6nen!?<br>Verschw\u00f6rungsideologien sch\u00fcren \u00c4ngste bei den Menschen, die eh schon verunsichert sich. Freunde, Verwandte und Familienmitglieder mit unterschiedlichen Meinungen werden so zun\u00e4chst Gegnern und dann schlie\u00dflich zu Feinden gemacht.<br>Wir wollen uns aber nicht feindlich gegen\u00fcberstehen. Wir wollen ein friedliches Miteinander. Deshalb sagen wir \u201eNein\u201c zu angstmachenden Parolen und \u201eJa\u201c zu Aufkl\u00e4rung und Demokratie, damit wir gemeinsam m\u00f6glichst bald wieder zu einem Leben ohne Pandemie zur\u00fcckkehren k\u00f6nnen.<br>Melanie Kuipers &#8211; 31.01.2022 | kuipers@gruene-emsland.de<\/p>\n\n\n\n<p><\/p>\n\n\n\n<figure class=\"wp-block-image size-large\"><a href=\"https:\/\/gruene-emsland-mitte.de\/wp-content\/uploads\/2022\/02\/f266d471-d4b4-4022-a7e7-9ceee6f92e13.jpg\"><img loading=\"lazy\" decoding=\"async\" width=\"800\" height=\"1067\" src=\"https:\/\/gruene-emsland-mitte.de\/wp-content\/uploads\/2022\/02\/f266d471-d4b4-4022-a7e7-9ceee6f92e13-800x1067.jpg\" alt=\"\" class=\"wp-image-2291\" srcset=\"https:\/\/gruene-emsland-mitte.de\/wp-content\/uploads\/2022\/02\/f266d471-d4b4-4022-a7e7-9ceee6f92e13-800x1067.jpg 800w, https:\/\/gruene-emsland-mitte.de\/wp-content\/uploads\/2022\/02\/f266d471-d4b4-4022-a7e7-9ceee6f92e13-400x533.jpg 400w, https:\/\/gruene-emsland-mitte.de\/wp-content\/uploads\/2022\/02\/f266d471-d4b4-4022-a7e7-9ceee6f92e13-768x1024.jpg 768w, https:\/\/gruene-emsland-mitte.de\/wp-content\/uploads\/2022\/02\/f266d471-d4b4-4022-a7e7-9ceee6f92e13-1152x1536.jpg 1152w, https:\/\/gruene-emsland-mitte.de\/wp-content\/uploads\/2022\/02\/f266d471-d4b4-4022-a7e7-9ceee6f92e13-113x150.jpg 113w, https:\/\/gruene-emsland-mitte.de\/wp-content\/uploads\/2022\/02\/f266d471-d4b4-4022-a7e7-9ceee6f92e13.jpg 1200w\" sizes=\"auto, (max-width: 800px) 100vw, 800px\" \/><\/a><\/figure>\n","protected":false},"excerpt":{"rendered":"<p>Statt &#8222;Spazierg\u00e4nge in Meppen&#8220; Gegendemo: wir sind mehr. F\u00fcr eine offene, tolerante Gesellschaft. Gegen Verschw\u00f6rungsideologien. Die Demo wurde organisiert von Fridays for Future Meppen. Der dazugeh\u00f6rige Artikel in der Noz: [&hellip;]<\/p>\n","protected":false},"author":-1,"featured_media":2293,"comment_status":"closed","ping_status":"open","sticky":false,"template":"","format":"standard","meta":{"footnotes":""},"categories":[26],"tags":[],"class_list":["post-2288","post","type-post","status-publish","format-standard","has-post-thumbnail","hentry","category-meppen"],"_links":{"self":[{"href":"https:\/\/gruene-emsland-mitte.de\/index.php?rest_route=\/wp\/v2\/posts\/2288","targetHints":{"allow":["GET"]}}],"collection":[{"href":"https:\/\/gruene-emsland-mitte.de\/index.php?rest_route=\/wp\/v2\/posts"}],"about":[{"href":"https:\/\/gruene-emsland-mitte.de\/index.php?rest_route=\/wp\/v2\/types\/post"}],"author":[{"embeddable":true,"href":"https:\/\/gruene-emsland-mitte.de\/index.php?rest_route=\/wp\/v2\/users\/4"}],"replies":[{"embeddable":true,"href":"https:\/\/gruene-emsland-mitte.de\/index.php?rest_route=%2Fwp%2Fv2%2Fcomments&post=2288"}],"version-history":[{"count":1,"href":"https:\/\/gruene-emsland-mitte.de\/index.php?rest_route=\/wp\/v2\/posts\/2288\/revisions"}],"predecessor-version":[{"id":2292,"href":"https:\/\/gruene-emsland-mitte.de\/index.php?rest_route=\/wp\/v2\/posts\/2288\/revisions\/2292"}],"wp:featuredmedia":[{"embeddable":true,"href":"https:\/\/gruene-emsland-mitte.de\/index.php?rest_route=\/wp\/v2\/media\/2293"}],"wp:attachment":[{"href":"https:\/\/gruene-emsland-mitte.de\/index.php?rest_route=%2Fwp%2Fv2%2Fmedia&parent=2288"}],"wp:term":[{"taxonomy":"category","embeddable":true,"href":"https:\/\/gruene-emsland-mitte.de\/index.php?rest_route=%2Fwp%2Fv2%2Fcategories&post=2288"},{"taxonomy":"post_tag","embeddable":true,"href":"https:\/\/gruene-emsland-mitte.de\/index.php?rest_route=%2Fwp%2Fv2%2Ftags&post=2288"}],"curies":[{"name":"wp","href":"https:\/\/api.w.org\/{rel}","templated":true}]}}