{"id":2304,"date":"2022-02-04T08:11:00","date_gmt":"2022-02-04T08:11:00","guid":{"rendered":"https:\/\/gruene-emsland-mitte.de\/?p=2304"},"modified":"2022-02-04T09:13:17","modified_gmt":"2022-02-04T09:13:17","slug":"pressemitteilung-zur-online-konferenz-der-ag-landwirtschaft","status":"publish","type":"post","link":"https:\/\/gruene-emsland-mitte.de\/?p=2304","title":{"rendered":"Pressemitteilung zur Online-Konferenz der AG Landwirtschaft"},"content":{"rendered":"\n<p><strong>Pressemitteilung zur Online Konferenz von B\u00fcndnis 90\/Die Gr\u00fcnen AG Landwirtschaft am 25.1.22<\/strong><\/p>\n\n\n\n<p>Auf Initiative der AG Landwirtschaft von B\u00fcndnis 90\/ Die Gruenen trafen sich am 25.1.2022 67 Teilnehmer zu einer Online-Konferenz, um \u00fcber brennende Zukunftsfragen in der Landwirtschaft zu diskutieren.<\/p>\n\n\n\n<p>Als Referenten waren Miriam Staudte, MdL von B\u00fcndnis 90\/ Die Gr\u00fcnen und zust\u00e4ndig u.a. f\u00fcr Landwirtschaft und Ern\u00e4hrung, Jagd und Forst sowie Matthias Everinghoff von Land schafft Verbindung (LsV) eingeladen.<\/p>\n\n\n\n<p>Miriam Staudte gab einen \u00dcberblick \u00fcber die Vorstellung zukunftsf\u00e4higer Landwirtschaft und skizzierte dabei u.a. aktuelle Probleme in der Landwirtschaft aus politischer Sicht, z.B. zu Themen wie Tierwohl und -label, Erzeugerpreisen oder auch zum Schweinemarkt.<\/p>\n\n\n\n<p>Matthias Everinghoff berichtete \u00fcber vielf\u00e4ltige Probleme aus Sicht praktizierender Landwirte, u.a. Wertsch\u00f6pfungsketten, Beantragungsprobleme besonders f\u00fcr kleine Betriebe und notwendige Marktregulierungsma\u00dfnahmen f\u00fcr bessere Erzeugerpreise oder das Baurecht f\u00fcr Landwirte, die auf Tierwohlst\u00e4lle umsteigen wollen.<\/p>\n\n\n\n<p>Anschlie\u00dfend gab es aus dem Kreis der Teilnehmer eine gute, sachlich gef\u00fchrte Diskussion bzw. Fragen, die von Referentin und Referent beantwortet wurden.<\/p>\n\n\n\n<p>Da aus Zeitgr\u00fcnden nicht alle anstehenden Fragen beantwortet werden konnten, wurde vereinbart, noch weitere wichtige Fragestellungen schriftlich zu b\u00fcndeln und zur Beantwortung weiterzureichen. Diese k\u00f6nnen noch bis zum 15.2.22 unter der bekannten Email-Adresse<\/p>\n\n\n\n<p><a href=\"#\" data-unscramble=\"ed.ettim-le-eneurg@tfahcstriwdnal\">landwirtschaft@gruene-el-mitte.de<\/a><\/p>\n\n\n\n<p>eingereicht werden.<\/p>\n","protected":false},"excerpt":{"rendered":"<p>Pressemitteilung zur Online Konferenz von B\u00fcndnis 90\/Die Gr\u00fcnen AG Landwirtschaft am 25.1.22 Auf Initiative der AG Landwirtschaft von B\u00fcndnis 90\/ Die Gruenen trafen sich am 25.1.2022 67 Teilnehmer zu einer [&hellip;]<\/p>\n","protected":false},"author":-1,"featured_media":0,"comment_status":"closed","ping_status":"open","sticky":false,"template":"","format":"standard","meta":{"footnotes":""},"categories":[3],"tags":[],"class_list":["post-2304","post","type-post","status-publish","format-standard","hentry","category-allgemein"],"_links":{"self":[{"href":"https:\/\/gruene-emsland-mitte.de\/index.php?rest_route=\/wp\/v2\/posts\/2304","targetHints":{"allow":["GET"]}}],"collection":[{"href":"https:\/\/gruene-emsland-mitte.de\/index.php?rest_route=\/wp\/v2\/posts"}],"about":[{"href":"https:\/\/gruene-emsland-mitte.de\/index.php?rest_route=\/wp\/v2\/types\/post"}],"author":[{"embeddable":true,"href":"https:\/\/gruene-emsland-mitte.de\/index.php?rest_route=\/wp\/v2\/users\/4"}],"replies":[{"embeddable":true,"href":"https:\/\/gruene-emsland-mitte.de\/index.php?rest_route=%2Fwp%2Fv2%2Fcomments&post=2304"}],"version-history":[{"count":1,"href":"https:\/\/gruene-emsland-mitte.de\/index.php?rest_route=\/wp\/v2\/posts\/2304\/revisions"}],"predecessor-version":[{"id":2306,"href":"https:\/\/gruene-emsland-mitte.de\/index.php?rest_route=\/wp\/v2\/posts\/2304\/revisions\/2306"}],"wp:attachment":[{"href":"https:\/\/gruene-emsland-mitte.de\/index.php?rest_route=%2Fwp%2Fv2%2Fmedia&parent=2304"}],"wp:term":[{"taxonomy":"category","embeddable":true,"href":"https:\/\/gruene-emsland-mitte.de\/index.php?rest_route=%2Fwp%2Fv2%2Fcategories&post=2304"},{"taxonomy":"post_tag","embeddable":true,"href":"https:\/\/gruene-emsland-mitte.de\/index.php?rest_route=%2Fwp%2Fv2%2Ftags&post=2304"}],"curies":[{"name":"wp","href":"https:\/\/api.w.org\/{rel}","templated":true}]}}