{"id":2309,"date":"2022-02-15T10:15:05","date_gmt":"2022-02-15T10:15:05","guid":{"rendered":"https:\/\/gruene-emsland-mitte.de\/?p=2309"},"modified":"2022-02-15T10:15:05","modified_gmt":"2022-02-15T10:15:05","slug":"antrag-haseluenne-wird-zum-sicheren-hafen","status":"publish","type":"post","link":"https:\/\/gruene-emsland-mitte.de\/?p=2309","title":{"rendered":"Antrag: Hasel\u00fcnne wird zum Sicheren Hafen"},"content":{"rendered":"\n<p>Sehr geehrter Herr B\u00fcrgermeister,<br><br>die Ratsfraktion von B\u00dcNDNIS 90\/DIE GR\u00dcNEN stellt nachfolgenden Antrag, mit der Bitte um Vorberatung im zust\u00e4ndigen Ausschuss sowie zur Beratung und Beschlussfassung in der n\u00e4chsten Stadtratssitzung am 10.03.2022.<br><br>Der Stadtrat m\u00f6ge beschlie\u00dfen:<br>Der Stadtrat der Stadt Hasel\u00fcnne unterst\u00fctzt wie zahlreiche andere Kommunen der Bundesrepublik<br>Deutschland die Initiative \u201eSeebr\u00fccke \u2013 Schafft sichere H\u00e4fen\u201c. Auch Hasel\u00fcnne ist bereit, weiterhin<br>Gefl\u00fcchtete freiwillig aufzunehmen. Deshalb erkl\u00e4rt sich Hasel\u00fcnne offiziell zum Sicheren Hafen f\u00fcr<br>Gefl\u00fcchtete. Damit bekr\u00e4ftigen die Stadt und ihre Bev\u00f6lkerung die bisher gelebte Praxis einer Willkommenskultur. Der Stadtrat appelliert an die Bundesregierung, sich weiterhin und verst\u00e4rkt f\u00fcr die<br>Bek\u00e4mpfung der Fluchtursachen einzusetzen, insbesondere f\u00fcr eine gerechtere und effektivere Entwicklungs- und Klimaschutzpolitik und daf\u00fcr, dass die Menschen auf dem Mittelmeer gerettet und<br>menschenw\u00fcrdig in Europa verteilt und untergebracht werden.<br><br>1. Sicherer Hafen<br>Die Stadt Hasel\u00fcnne erkl\u00e4rt sich zum \u201eSicheren Hafen\u201c und bekr\u00e4ftigt ihre Solidarit\u00e4t mit Menschen<br>auf der Flucht. Sie setzt sich f\u00fcr sichere Fluchtwege, staatliche Seenotrettungsmissionen und eine<br>menschenw\u00fcrdige Aufnahme von Schutzsuchenden ein.<br><br>2. Aktive Unterst\u00fctzung der Seenotrettung<br>Die Stadt Hasel\u00fcnne positioniert sich gegen die Kriminalisierung der zivilen Seenotrettung auf dem<br>Mittelmeer und unterst\u00fctzt zudem die Seenotrettung aktiv. Sie beteiligt sich an einer Patenschaft f\u00fcr<br>ein ziviles Seenotrettungsschiff.<br><br>3. Aufnahme zus\u00e4tzlich zur Quote<br>Die Stadt Hasel\u00fcnne stellt die schnelle und unkomplizierte Aufnahme und Unterbringung von aus<br>Seenot geretteten Menschen bzw. von Menschen, die in Lagern an den EU- Au\u00dfengrenzen festsitzen,<br>sicher. Diese Aufnahme erfolgt zus\u00e4tzlich zur Verteilungsquote von Asylsuchenden (K\u00f6nigsteiner<br>Schl\u00fcssel). F\u00fcr die konkrete Umsetzung dieser zus\u00e4tzlichen Aufnahmen wird sich die Stadt Hasel\u00fcnne<br>mit dem Bundesinnenministerium, dem zust\u00e4ndigen Landesministerium sowie dem Landkreis Emsland und dem Bundesamt f\u00fcr Migration und Fl\u00fcchtlinge (BAMF) verst\u00e4ndigen.<br><br>4. Unterst\u00fctzung f\u00fcr Aufnahmeprogramme<br>Die Stadt Hasel\u00fcnne begr\u00fc\u00dft die bestehenden Programme auf Landes- und Bundesebene zur Aufnahme von Schutzsuchenden. Sie setzt sich gegen\u00fcber Niedersachsen und der Bundesregierung f\u00fcr die<br>Einrichtung neuer bzw. die deutliche Ausweitung bestehender Programme zur Aufnahme von Gefl\u00fcchteten ein und bietet daf\u00fcr selbst zus\u00e4tzliche Aufnahmepl\u00e4tze an.<br><br>a) Die Stadt Hasel\u00fcnne fordert die nieders\u00e4chsische Regierung auf, ein eigenst\u00e4ndiges humanit\u00e4res Aufnahmeprogramm f\u00fcr Fl\u00fcchtende gem\u00e4\u00df \u00a7 23 Absatz 1 Aufenthaltsgesetz einzuf\u00fchren und damit Fl\u00fcchtenden die sichere Einreise nach Deutschland und einen gesicherten Auf-<br>enthalt zu erm\u00f6glichen.<br><br>b) Die Stadt Hasel\u00fcnne fordert die nieders\u00e4chsische Regierung und die Bundesregierung auf,<br>im Rahmen des Resettlements gem\u00e4\u00df \u00a7 23 Absatz 4 Aufenthaltsgesetz und anderen Programmen zur sicheren Aufnahme von Fl\u00fcchtenden dauerhaft und verl\u00e4sslich erheblich h\u00f6here Aufnahmequoten als bisher zu vereinbaren. Nur so kann Deutschland seiner Verantwortung nachkommen, Menschen die Flucht auf gef\u00e4hrlichen illegalisierten Wegen zu ersparen.<br><br>5. Solidarische Kommune<br>Die Stadt Hasel\u00fcnne tritt f\u00fcr Bleibeperspektiven ein und setzt sich im Rahmen ihrer M\u00f6glichkeiten<br>gegen Abschiebungen ein. Sie ist nicht nur Sicherer Hafen, sondern zugleich Solidarische Stadt f\u00fcr<br>alle Menschen.<br><br>6. Kommunales Ankommen gew\u00e4hrleisten<br>Die Stadt Hasel\u00fcnne sorgt f\u00fcr ein langfristiges Ankommen der Schutzsuchenden, indem sie insbesondere in den Bereichen Wohnen, Gesundheit und Bildung alle notwendigen Ressourcen f\u00fcr eine menschenw\u00fcrdige Versorgung zur Verf\u00fcgung stellt und ihre gesellschaftliche und politische Teilhabe si-<br>cherstellt.<br><br>7. Kommunales B\u00fcndnis \u201cSt\u00e4dte Sicherer H\u00e4fen\u201d<br>Die Stadt Hasel\u00fcnne setzt sich auf regionaler, nationaler und europ\u00e4ischer Ebene aktiv f\u00fcr die Umset-<br>zung der oben genannten Punkte ein. Sie tritt dem kommunalen B\u00fcndnis \u201eSt\u00e4dte Sicherer H\u00e4fen\u201c bei<br>und beteiligt sich am B\u00fcndnis aller Sicheren H\u00e4fen in Europa zur aktiven Gestaltung einer menschenrechtskonformen europ\u00e4ischen Asyl- und Migrationspolitik.8. Transparenz<br>Die Stadt Hasel\u00fcnne ver\u00f6ffentlicht alle unternommenen Handlungen, mit denen sie zu einem Sicheren<br>Hafen wird. Die Stadt Hasel\u00fcnne informiert ihre europ\u00e4ischen Partnerst\u00e4dte \u00fcber diese Resolution.<br><br>Begr\u00fcndung:<br>Abschottung und Menschenrechtsverletzungen an den europ\u00e4ischen Grenzen sind keine legitimen politischen Mittel.<br><br>Die Blockierung der zivilen Seenotrettung durch europ\u00e4ische Staaten und die Kriminalisierung der<br>Seenotretter*innen m\u00fcssen umgehend beendet werden. Die europ\u00e4ische Staatengemeinschaft muss<br>ihrer Verantwortung bei der aktiven Seenotrettung gerecht werden und darf sich nicht auf die Arbeit<br>Dritter, etwa der sogenannten \u201clibyschen K\u00fcstenwache\u201d verlassen oder den Tod von Menschen in<br>Kauf nehmen.<br><br>Die aktuell katastrophalen Bedingungen in den Lagern auf den griechischen Inseln und an der Grenze<br>zu Belarus erfordert ein sofortiges Handeln auf allen Ebenen. Angesichts der Situation der Menschen<br>in Moria und den anderen Lagern an den europ\u00e4ischen Au\u00dfengrenzen m\u00fcssen alle zur Verf\u00fcgung stehenden Mittel ausgesch\u00f6pft werden, um den dort gestrandeten Menschen schnell und unb\u00fcrokratisch<br>Hilfe zu leisten.<br><br>Mit freundlichen Gr\u00fc\u00dfen<br>Hanna Clara Wiegmann      Nicolas Breer<br>Fraktionssprecherin            stv. Fraktionssprecher  <\/p>\n","protected":false},"excerpt":{"rendered":"<p>Sehr geehrter Herr B\u00fcrgermeister, die Ratsfraktion von B\u00dcNDNIS 90\/DIE GR\u00dcNEN stellt nachfolgenden Antrag, mit der Bitte um Vorberatung im zust\u00e4ndigen Ausschuss sowie zur Beratung und Beschlussfassung in der n\u00e4chsten Stadtratssitzung [&hellip;]<\/p>\n","protected":false},"author":-1,"featured_media":0,"comment_status":"closed","ping_status":"open","sticky":false,"template":"","format":"standard","meta":{"footnotes":""},"categories":[71],"tags":[79,145],"class_list":["post-2309","post","type-post","status-publish","format-standard","hentry","category-haseluenne","tag-haseluenne","tag-sicherer-hafen"],"_links":{"self":[{"href":"https:\/\/gruene-emsland-mitte.de\/index.php?rest_route=\/wp\/v2\/posts\/2309","targetHints":{"allow":["GET"]}}],"collection":[{"href":"https:\/\/gruene-emsland-mitte.de\/index.php?rest_route=\/wp\/v2\/posts"}],"about":[{"href":"https:\/\/gruene-emsland-mitte.de\/index.php?rest_route=\/wp\/v2\/types\/post"}],"author":[{"embeddable":true,"href":"https:\/\/gruene-emsland-mitte.de\/index.php?rest_route=\/wp\/v2\/users\/4"}],"replies":[{"embeddable":true,"href":"https:\/\/gruene-emsland-mitte.de\/index.php?rest_route=%2Fwp%2Fv2%2Fcomments&post=2309"}],"version-history":[{"count":1,"href":"https:\/\/gruene-emsland-mitte.de\/index.php?rest_route=\/wp\/v2\/posts\/2309\/revisions"}],"predecessor-version":[{"id":2311,"href":"https:\/\/gruene-emsland-mitte.de\/index.php?rest_route=\/wp\/v2\/posts\/2309\/revisions\/2311"}],"wp:attachment":[{"href":"https:\/\/gruene-emsland-mitte.de\/index.php?rest_route=%2Fwp%2Fv2%2Fmedia&parent=2309"}],"wp:term":[{"taxonomy":"category","embeddable":true,"href":"https:\/\/gruene-emsland-mitte.de\/index.php?rest_route=%2Fwp%2Fv2%2Fcategories&post=2309"},{"taxonomy":"post_tag","embeddable":true,"href":"https:\/\/gruene-emsland-mitte.de\/index.php?rest_route=%2Fwp%2Fv2%2Ftags&post=2309"}],"curies":[{"name":"wp","href":"https:\/\/api.w.org\/{rel}","templated":true}]}}