{"id":234,"date":"2013-10-16T16:48:47","date_gmt":"2013-10-16T16:48:47","guid":{"rendered":"http:\/\/die-gruenen-meppen.de\/?p=234"},"modified":"2013-10-16T16:48:47","modified_gmt":"2013-10-16T16:48:47","slug":"kein-platz-fur-nazis-im-emsland-2","status":"publish","type":"post","link":"https:\/\/gruene-emsland-mitte.de\/?p=234","title":{"rendered":"Kein Platz f\u00fcr Nazis im Emsland!"},"content":{"rendered":"<p>Am 10. Oktober 2013 rief die Gruppe \u201eKeinen Platz f\u00fcr Nazis \u2013 in Lingen und anderswo\u201c zu einer Kundgebung in Gro\u00df Ber\u00dfen auf.<\/p>\n<p>Hintergrund war das innerhalb der rechten Szene angek\u00fcndigte Kommen des Rechtsextremisten Michael Regner alias Lunikoff, der in der Gastst\u00e4tte \u201eZur singenden Wirtin\u201c auf Einladung des Hasel\u00fcnner NPD-Kandidaten f\u00fcr die Bundestagswahl Tobias Richter ein Konzert geben sollte. Ob ein Konzert von Lunikoff stattgefunden hat, ist nicht bekannt. Laut Aussagen der Polizei waren in der Gastst\u00e4tte zwischen 60 und 80 Rechtsextremisten versammelt.<\/p>\n<p>Bereits am sp\u00e4ten Nachmittag versammelten sich \u00fcber 100 angereiste und ortsans\u00e4ssige Emsl\u00e4nder, um die Lingener Gruppe zu unterst\u00fctzen und ein deutliches Zeichen gegen die rechte Szene zu setzen.<\/p>\n<p>Die L\u00e4hdener Band \u201ecivil courage\u201c trat spontan auf dem Grundst\u00fcck eines benachbarten Bauernhofes auf, um ebenfalls ein Zeichen gegen das Treffen in der Gastst\u00e4tte zu setzen.<\/p>\n<p>In Gro\u00df Ber\u00dfen war ein hohes Polizeiaufgebot pr\u00e4sent, was den CDU-B\u00fcrgermeister Reinhard Kurlemann zu der Aussage bewegte, dass er sich \u201eweniger Rummel\u201c gew\u00fcnscht h\u00e4tte.<\/p>\n<p>Wir meinen, dass sich gar nicht genug Gegendemonstranten versammeln k\u00f6nnen, um ein klares Zeichen gegen Rechts zu setzen. Es ist gut, dass sich die lokale Presse und \u00fcberregionale Medien f\u00fcr das Geschehen in dem ansonsten ruhigen D\u00f6rfchen interessiert und davon berichtet haben und das Treffen der Rechsextremisten nicht unbemerkt blieb.<\/p>\n<p>Alle, die an diesem Abend in Gro\u00df Ber\u00dfen bei der Kundgebung zugegen waren, haben ein wichtiges Zeichen gesetzt.<\/p>\n<p>Ein besonderer Dank gilt der Gruppe \u201eKeinen Platz f\u00fcr Nazis \u2013 in Lingen und anderswo\u201c und der Band civil courage aus L\u00e4hden.<\/p>\n<p><a href=\"https:\/\/gruene-emsland-mitte.de\/wp-content\/uploads\/2013\/10\/drei.jpg\"><img loading=\"lazy\" decoding=\"async\" class=\"alignnone size-medium wp-image-235\" title=\"drei\" src=\"https:\/\/gruene-emsland-mitte.de\/wp-content\/uploads\/2013\/10\/drei-300x199.jpg\" alt=\"\" width=\"300\" height=\"199\" srcset=\"https:\/\/gruene-emsland-mitte.de\/wp-content\/uploads\/2013\/10\/drei-300x199.jpg 300w, https:\/\/gruene-emsland-mitte.de\/wp-content\/uploads\/2013\/10\/drei-1024x682.jpg 1024w\" sizes=\"auto, (max-width: 300px) 100vw, 300px\" \/><\/a><\/p>\n<p><a href=\"https:\/\/gruene-emsland-mitte.de\/wp-content\/uploads\/2013\/10\/eins.jpg\"><img loading=\"lazy\" decoding=\"async\" class=\"alignnone size-medium wp-image-237\" title=\"eins\" src=\"https:\/\/gruene-emsland-mitte.de\/wp-content\/uploads\/2013\/10\/eins-300x200.jpg\" alt=\"\" width=\"300\" height=\"200\" srcset=\"https:\/\/gruene-emsland-mitte.de\/wp-content\/uploads\/2013\/10\/eins-300x200.jpg 300w, https:\/\/gruene-emsland-mitte.de\/wp-content\/uploads\/2013\/10\/eins-1024x682.jpg 1024w\" sizes=\"auto, (max-width: 300px) 100vw, 300px\" \/><\/a><\/p>\n<p><a href=\"https:\/\/gruene-emsland-mitte.de\/wp-content\/uploads\/2013\/10\/vier.jpg\"><img loading=\"lazy\" decoding=\"async\" class=\"alignnone size-medium wp-image-238\" title=\"vier\" src=\"https:\/\/gruene-emsland-mitte.de\/wp-content\/uploads\/2013\/10\/vier-300x200.jpg\" alt=\"\" width=\"300\" height=\"200\" srcset=\"https:\/\/gruene-emsland-mitte.de\/wp-content\/uploads\/2013\/10\/vier-300x200.jpg 300w, https:\/\/gruene-emsland-mitte.de\/wp-content\/uploads\/2013\/10\/vier-1024x682.jpg 1024w\" sizes=\"auto, (max-width: 300px) 100vw, 300px\" \/><\/a><\/p>\n<p><a href=\"https:\/\/gruene-emsland-mitte.de\/wp-content\/uploads\/2013\/10\/zwei.jpg\"><img loading=\"lazy\" decoding=\"async\" class=\"alignnone size-medium wp-image-236\" title=\"zwei\" src=\"https:\/\/gruene-emsland-mitte.de\/wp-content\/uploads\/2013\/10\/zwei-300x200.jpg\" alt=\"\" width=\"300\" height=\"200\" srcset=\"https:\/\/gruene-emsland-mitte.de\/wp-content\/uploads\/2013\/10\/zwei-300x200.jpg 300w, https:\/\/gruene-emsland-mitte.de\/wp-content\/uploads\/2013\/10\/zwei-1024x682.jpg 1024w\" sizes=\"auto, (max-width: 300px) 100vw, 300px\" \/><\/a><\/p>\n","protected":false},"excerpt":{"rendered":"<p>Am 10. Oktober 2013 rief die Gruppe \u201eKeinen Platz f\u00fcr Nazis \u2013 in Lingen und anderswo\u201c zu einer Kundgebung in Gro\u00df Ber\u00dfen auf. Hintergrund war das innerhalb der rechten Szene [&hellip;]<\/p>\n","protected":false},"author":-1,"featured_media":0,"comment_status":"open","ping_status":"open","sticky":false,"template":"","format":"standard","meta":{"footnotes":""},"categories":[3],"tags":[],"class_list":["post-234","post","type-post","status-publish","format-standard","hentry","category-allgemein"],"_links":{"self":[{"href":"https:\/\/gruene-emsland-mitte.de\/index.php?rest_route=\/wp\/v2\/posts\/234","targetHints":{"allow":["GET"]}}],"collection":[{"href":"https:\/\/gruene-emsland-mitte.de\/index.php?rest_route=\/wp\/v2\/posts"}],"about":[{"href":"https:\/\/gruene-emsland-mitte.de\/index.php?rest_route=\/wp\/v2\/types\/post"}],"author":[{"embeddable":true,"href":"https:\/\/gruene-emsland-mitte.de\/index.php?rest_route=\/wp\/v2\/users\/1"}],"replies":[{"embeddable":true,"href":"https:\/\/gruene-emsland-mitte.de\/index.php?rest_route=%2Fwp%2Fv2%2Fcomments&post=234"}],"version-history":[{"count":2,"href":"https:\/\/gruene-emsland-mitte.de\/index.php?rest_route=\/wp\/v2\/posts\/234\/revisions"}],"predecessor-version":[{"id":240,"href":"https:\/\/gruene-emsland-mitte.de\/index.php?rest_route=\/wp\/v2\/posts\/234\/revisions\/240"}],"wp:attachment":[{"href":"https:\/\/gruene-emsland-mitte.de\/index.php?rest_route=%2Fwp%2Fv2%2Fmedia&parent=234"}],"wp:term":[{"taxonomy":"category","embeddable":true,"href":"https:\/\/gruene-emsland-mitte.de\/index.php?rest_route=%2Fwp%2Fv2%2Fcategories&post=234"},{"taxonomy":"post_tag","embeddable":true,"href":"https:\/\/gruene-emsland-mitte.de\/index.php?rest_route=%2Fwp%2Fv2%2Ftags&post=234"}],"curies":[{"name":"wp","href":"https:\/\/api.w.org\/{rel}","templated":true}]}}