{"id":2365,"date":"2022-04-19T12:20:19","date_gmt":"2022-04-19T12:20:19","guid":{"rendered":"https:\/\/gruene-emsland-mitte.de\/?p=2365"},"modified":"2022-04-19T12:20:19","modified_gmt":"2022-04-19T12:20:19","slug":"gruene-emsland-mitte-informieren-sich-ueber-den-wolf-im-emsland","status":"publish","type":"post","link":"https:\/\/gruene-emsland-mitte.de\/?p=2365","title":{"rendered":"Gr\u00fcne Emsland Mitte informieren       sich \u00fcber den Wolf im Emsland"},"content":{"rendered":"\n<p>Am Samstag den 2.4. unternahmen die Gr\u00fcnen Emsland Mitte eine Exkursion zum Gel\u00e4nde des Vereins \u201eLand unter e.V.\u201c am Meppener Heidesee. Der Verein h\u00e4lt dort, sowie an weiteren Standorten im Emsland, eine Herde mit Bentheimer Landschafen. Hauptziel des Besuchs war es, sich dar\u00fcber zu informieren, welche Ma\u00dfnahmen der Verein zum Schutz seiner Schafe vor Wolfs\u00fcbergriffen t\u00e4tigt.<\/p>\n\n\n\n<p>Das gesamte Gel\u00e4nde am Heidesee ist dazu auf einer Gesamtl\u00e4nge von \u00fcber drei Kilometern mit einem sogenannten \u201ewolfsabweisenden Zaun\u201c ausgestattet. Der Verein konnte mit Hilfe von \u00f6ffentlichen F\u00f6rdermitteln und sehr viel Eigenleistung diesen Zaun errichten. &nbsp;<br>Herr Tobias B\u00f6ckermann, Vorsitzender des Vereins, erkl\u00e4rte ausf\u00fchrlich, wie so ein Zaun ausgestattet sein muss: Neben der H\u00f6he von 1,6m bis 1,8m und einer Elektrifizierung, die \u00fcber gewohnte Weidez\u00e4une hinaus geht, darf es vor allem keine M\u00f6glichkeiten zum \u00dcberspringen oder \u00dcberklettern durch den Wolf geben. Doch auch der Abstand zum Boden ist wichtig, damit der Wolf sich nicht darunter her gr\u00e4bt. In dem Zusammenhang berichtete B\u00f6ckermann \u00fcber einen Vorfall, bei dem der Wolf sich Zugang zum Gel\u00e4nde verschafft und dem Schafe und Ziegen zum Opfer gefallen sind. Daraufhin wurden weitere M\u00f6glichkeiten zum Umgang mit den Wolfsvorkommen im Emsland und in anderen Regionen Deutschlands und Europas ergebnisoffen er\u00f6rtert und diskutiert. Des Weiteren informierte B\u00f6ckermann die Besucher \u00fcber die vielf\u00e4ltige Tier- und Pflanzenwelt in dem Naturschutzgebiet, von denen viele auf der \u201eRoten Liste\u201c stehen und vom Aussterben bedroht sind. Seltene Schmetterlingsarten, Schlangen, Orchideen und Algen haben hier einen Schutzraum f\u00fcr ihr Fortbestehen gefunden.<\/p>\n\n\n\n<p>Das Naturschutzgebiet als Heidelandschaft zu erhalten ist eine wichtige Aufgabe des Vereins. Umwelteinfl\u00fcsse, wie Trockenheit, aber auch Stickstoff-Emissionen z.B. durch den Verkehr der anliegenden Autobahn A31 und der Bundesstra\u00dfe E233 tragen zu einer Ver\u00e4nderung in der Fauna bei. Der drohenden Verwaldung durch Birken Einhalt zu gebieten, ist eine wichtige Schutzma\u00dfnahme, die der Verein durch die Beweidung durch Schafe und Ziegen gew\u00e4hrleistet.<\/p>\n\n\n\n<p>Die Gr\u00fcnen Emsland Mitte besuchten den Verein im Zuge einer Themenreihe, die \u00fcber den Wolf informiert. Des Weiteren ist eine Podiumsdiskussion zu dem Thema im Mai in Hasel\u00fcnne geplant. Infos dazu unter: <a href=\"http:\/\/www.gruene-emsland-mitte.de\">www.gruene-emsland-mitte.de<\/a> &nbsp;<\/p>\n\n\n\n<p>An dem Treffen nahmen Mitglieder der Gr\u00fcnen Emsland Mitte sowie Abgeordnete des Kreistags und der Stadtr\u00e4te Meppen und Hasel\u00fcnne teil.<br><br>Text: Melanie Kuipers, Foto:&nbsp; Hermann Sievers<\/p>\n","protected":false},"excerpt":{"rendered":"<p>Am Samstag den 2.4. unternahmen die Gr\u00fcnen Emsland Mitte eine Exkursion zum Gel\u00e4nde des Vereins \u201eLand unter e.V.\u201c am Meppener Heidesee. Der Verein h\u00e4lt dort, sowie an weiteren Standorten im [&hellip;]<\/p>\n","protected":false},"author":-1,"featured_media":2366,"comment_status":"closed","ping_status":"open","sticky":false,"template":"","format":"standard","meta":{"footnotes":""},"categories":[18],"tags":[149,148],"class_list":["post-2365","post","type-post","status-publish","format-standard","has-post-thumbnail","hentry","category-emsland","tag-schafe","tag-wolf"],"_links":{"self":[{"href":"https:\/\/gruene-emsland-mitte.de\/index.php?rest_route=\/wp\/v2\/posts\/2365","targetHints":{"allow":["GET"]}}],"collection":[{"href":"https:\/\/gruene-emsland-mitte.de\/index.php?rest_route=\/wp\/v2\/posts"}],"about":[{"href":"https:\/\/gruene-emsland-mitte.de\/index.php?rest_route=\/wp\/v2\/types\/post"}],"author":[{"embeddable":true,"href":"https:\/\/gruene-emsland-mitte.de\/index.php?rest_route=\/wp\/v2\/users\/4"}],"replies":[{"embeddable":true,"href":"https:\/\/gruene-emsland-mitte.de\/index.php?rest_route=%2Fwp%2Fv2%2Fcomments&post=2365"}],"version-history":[{"count":1,"href":"https:\/\/gruene-emsland-mitte.de\/index.php?rest_route=\/wp\/v2\/posts\/2365\/revisions"}],"predecessor-version":[{"id":2367,"href":"https:\/\/gruene-emsland-mitte.de\/index.php?rest_route=\/wp\/v2\/posts\/2365\/revisions\/2367"}],"wp:featuredmedia":[{"embeddable":true,"href":"https:\/\/gruene-emsland-mitte.de\/index.php?rest_route=\/wp\/v2\/media\/2366"}],"wp:attachment":[{"href":"https:\/\/gruene-emsland-mitte.de\/index.php?rest_route=%2Fwp%2Fv2%2Fmedia&parent=2365"}],"wp:term":[{"taxonomy":"category","embeddable":true,"href":"https:\/\/gruene-emsland-mitte.de\/index.php?rest_route=%2Fwp%2Fv2%2Fcategories&post=2365"},{"taxonomy":"post_tag","embeddable":true,"href":"https:\/\/gruene-emsland-mitte.de\/index.php?rest_route=%2Fwp%2Fv2%2Ftags&post=2365"}],"curies":[{"name":"wp","href":"https:\/\/api.w.org\/{rel}","templated":true}]}}