{"id":2369,"date":"2022-05-04T08:33:42","date_gmt":"2022-05-04T08:33:42","guid":{"rendered":"https:\/\/gruene-emsland-mitte.de\/?p=2369"},"modified":"2022-05-04T08:33:42","modified_gmt":"2022-05-04T08:33:42","slug":"die-gruenen-emsland-mitte-laden-zu-einer-gespraechsrunde-ein","status":"publish","type":"post","link":"https:\/\/gruene-emsland-mitte.de\/?p=2369","title":{"rendered":"Die Gr\u00fcnen Emsland Mitte laden zu einer Gespr\u00e4chsrunde ein"},"content":{"rendered":"\n<p><br><br>Am 10.Mai um 19 Uhr l\u00e4dt die AG Landwirtschaft der Gr\u00fcnen Emsland Mitte Interessierte ein, sich zum Thema Wolf zu informieren. Die Veranstaltung findet im Berentzenhof in Hasel\u00fcnne statt.<br>Teilnehmen wird Christian Meyer (MdL Niedersachsen B\u00fcndnis 90\/ Die Gr\u00fcnen), Dieter Vogt (Deichsch\u00e4fer) und Elke Steinbach (Landwirtschaftskammer Niedersachsen).<br>Christian Meyer ist ehemaliger Minister f\u00fcr Ern\u00e4hrung, Landwirtschaft und Verbraucherschutz des Landes Niedersachsen und\u00a0\u00a0wird zum Thema Wolf aus politischer Sicht berichten. Das momentane Wolfsmanagements der Landesregierung sieht Meyer kritisch.<br>Herr Voigt ist Deichsch\u00e4fer und wird aus der Sicht eines Tierhalters berichten. Dabei geht Voigt auch auf die Probleme\u00a0ein, die sich durch die R\u00fcckkehr des Wolfes f\u00fcr Tierhalter ergeben k\u00f6nnen.<br>Elke Steinbach ist Beraterin f\u00fcr das Thema Herdenschutz bei der Landwirtschaftskammer Niedersachsen. Sie berichtet \u00fcber das Thema Herdenschutz im allgemeinen und die momentanen F\u00f6rderm\u00f6glichkeiten und Hilfen.<br>Die Gespr\u00e4chsrunde findet unter den aktuellen Coronaauflagen statt.<br><br>F\u00fcr Fragen wenden Sie sich gerne an die AG Landwirtschaft: <a href=\"#\" data-unscramble=\"ed.ettim-le-eneurg@tfahcstriwdnal\">landwirtschaft@gruene-el-mitte.de<\/a><\/p>\n","protected":false},"excerpt":{"rendered":"<p>Am 10.Mai um 19 Uhr l\u00e4dt die AG Landwirtschaft der Gr\u00fcnen Emsland Mitte Interessierte ein, sich zum Thema Wolf zu informieren. Die Veranstaltung findet im Berentzenhof in Hasel\u00fcnne statt.Teilnehmen wird [&hellip;]<\/p>\n","protected":false},"author":-1,"featured_media":0,"comment_status":"closed","ping_status":"open","sticky":false,"template":"","format":"standard","meta":{"footnotes":""},"categories":[17],"tags":[148],"class_list":["post-2369","post","type-post","status-publish","format-standard","hentry","category-emsland-mitte","tag-wolf"],"_links":{"self":[{"href":"https:\/\/gruene-emsland-mitte.de\/index.php?rest_route=\/wp\/v2\/posts\/2369","targetHints":{"allow":["GET"]}}],"collection":[{"href":"https:\/\/gruene-emsland-mitte.de\/index.php?rest_route=\/wp\/v2\/posts"}],"about":[{"href":"https:\/\/gruene-emsland-mitte.de\/index.php?rest_route=\/wp\/v2\/types\/post"}],"author":[{"embeddable":true,"href":"https:\/\/gruene-emsland-mitte.de\/index.php?rest_route=\/wp\/v2\/users\/4"}],"replies":[{"embeddable":true,"href":"https:\/\/gruene-emsland-mitte.de\/index.php?rest_route=%2Fwp%2Fv2%2Fcomments&post=2369"}],"version-history":[{"count":1,"href":"https:\/\/gruene-emsland-mitte.de\/index.php?rest_route=\/wp\/v2\/posts\/2369\/revisions"}],"predecessor-version":[{"id":2371,"href":"https:\/\/gruene-emsland-mitte.de\/index.php?rest_route=\/wp\/v2\/posts\/2369\/revisions\/2371"}],"wp:attachment":[{"href":"https:\/\/gruene-emsland-mitte.de\/index.php?rest_route=%2Fwp%2Fv2%2Fmedia&parent=2369"}],"wp:term":[{"taxonomy":"category","embeddable":true,"href":"https:\/\/gruene-emsland-mitte.de\/index.php?rest_route=%2Fwp%2Fv2%2Fcategories&post=2369"},{"taxonomy":"post_tag","embeddable":true,"href":"https:\/\/gruene-emsland-mitte.de\/index.php?rest_route=%2Fwp%2Fv2%2Ftags&post=2369"}],"curies":[{"name":"wp","href":"https:\/\/api.w.org\/{rel}","templated":true}]}}