{"id":2402,"date":"2022-06-17T08:48:19","date_gmt":"2022-06-17T08:48:19","guid":{"rendered":"https:\/\/gruene-emsland-mitte.de\/?p=2402"},"modified":"2022-06-17T08:48:19","modified_gmt":"2022-06-17T08:48:19","slug":"thema-wolf-der-bericht-zum-themenabend","status":"publish","type":"post","link":"https:\/\/gruene-emsland-mitte.de\/?p=2402","title":{"rendered":"Thema Wolf &#8211; der Bericht zum Themenabend"},"content":{"rendered":"\n<p><strong>Der Wolf-Themenabend im Rittersaal von Berentzen in Hasel\u00fcnne<\/strong><\/p>\n\n\n\n<p>Das Thema \u201eWolf\u201c polarisiert.Da sind die einen, die der Vielfalt in der Natur mehr Raum geben m\u00f6chten, und da sind die anderen, die Weidetiere, meistens Schafe und L\u00e4mmer an den Wolf verlieren. Der Umgang mit dem Wolf ist demnach nicht einfach.<\/p>\n\n\n\n<p>Aus diesem Grund hatte die AG Landwirtschaft B\u00fcndnis 90\/Die Gr\u00fcnen zu einem Themenabend nach Hasel\u00fcnne eingeladen. Der Einladung gefolgt waren Christian Meyer, MdL Niedersachsen und ehemaliger nds. Minister f\u00fcr Ern\u00e4hrung und Landwirtschaft, Elke Steinbach von der Landwirtschaftskammer Weser-Ems in Oldenburg und zust\u00e4ndig f\u00fcr Herdenschutzma\u00dfnahmen und Antragstellungen f\u00fcr Ausgleichszahlungen in Bezug auf den Wolf. Als praktizierender Deichsch\u00e4fer berichtete Dieter Voigt von seinen Erfahrungen mit Wolfsrissen.<\/p>\n\n\n\n<p>Moderiert wurde die Veranstaltung, zu der ca 40 Interessierte eingetroffen waren, von Hanna Clara Wiegmann und Lukas Wiegmann.<\/p>\n\n\n\n<p>Zun\u00e4chst berichtete Dieter Voigt von der Bedeutung der Schafe insbesondere an den Deichen, denn sie halten die Grasnarbe kurz und sorgen f\u00fcr Trittfestigkeit. Damit wird die Gefahr der Untersp\u00fclung der Deiche im Falle von Hochwassern vermindert. Er betonte zugleicht die permanente Unruhe und Angst von Schafhaltern vor Wolfsrissen und ist andererseits auch der Meinung, dass Z\u00e4une alleine als Schutzma\u00dfnahme nicht die L\u00f6sung sein k\u00f6nnen. Eigentlich m\u00fcssten mehr Arbeitskr\u00e4fte eingestellt werden, die mit dem Herdenschutz im Betrieb beauftragt w\u00fcrden. Da diese aber nur den geringen Mindestlohn verdienen w\u00fcrden und daher nicht zu bekommen seien, w\u00fcrde letztlich die Mehrarbeit am Betriebsleiter h\u00e4ngen bleiben.<\/p>\n\n\n\n<p>Elke Steinbach erkl\u00e4rte danach das Prozedere bei der Beantragung von finanziellen Hilfen z.B. f\u00fcr wolfsabweisende Z\u00e4une sowie die Schadensregulierung. Bezahlt wird bei den Z\u00e4unen immer nur das Material, nicht aber der Aufbau und die Unterhaltungskosten.<\/p>\n\n\n\n<p>Der sinnvolle Einsatz von Schutzhunden wird in der Anschaffung gef\u00f6rdert, aber nicht der j\u00e4hrliche Unterhalt, der sich auf ca 1000 \u20ac\/Jahr bel\u00e4uft.<\/p>\n\n\n\n<p>Christian Meyer betonte die Bedeutung der Weidehaltung generell f\u00fcr die Artenvielfalt und erkl\u00e4rte, dass die Zahl der Wolfsrudel in Niedersachsen stagniere und auch die Zahl der Wolfsrisse an Nutztieren abnehme. Die Bejagung von Problemw\u00f6lfen sei ebenfalls notwendig.In Niedersachsen gibt es aktuell 35 Wolfsrudel, 2 Wolfspaare sowie 4 sesshafte Einzeltiere.<\/p>\n\n\n\n<p>Nach den Erl\u00e4uterungen der HauptrednerIn gab es eine engagierte Debatte, in der von unterschiedlichen Erfahrungen mit Wolfsrissen berichtet wurde und in der auch eine in gro\u00dfen Teilen \u00fcbereinstimmende Meinung der Tierhalter ge\u00e4u\u00dfert wurde, dass die L\u00f6sung nicht in der Einz\u00e4unung ganzer Regionen bestehen k\u00f6nne.<\/p>\n\n\n\n<p>Frau Steinbach betonte noch einmal, dass f\u00fcr jeden Betrieb individuelle L\u00f6sungen gesucht werden m\u00fcssten und Christian Meyer erw\u00e4hnte, eine Bejagung w\u00fcrde wohl erst zum Tragen kommen, wenn der Erhaltungszustand der Wolfspopulation erreicht sei. Wann das sei? Diese Frage musste offen bleiben und auch das \u201eEi des Kolumbus\u201c f\u00fcr wirklich sichere wolfsabweisende Ma\u00dfnahmen wurden an diesem, trotzdem erfolgreichen Abend, noch nicht gefunden.<\/p>\n","protected":false},"excerpt":{"rendered":"<p>Der Wolf-Themenabend im Rittersaal von Berentzen in Hasel\u00fcnne Das Thema \u201eWolf\u201c polarisiert.Da sind die einen, die der Vielfalt in der Natur mehr Raum geben m\u00f6chten, und da sind die anderen, [&hellip;]<\/p>\n","protected":false},"author":-1,"featured_media":0,"comment_status":"closed","ping_status":"open","sticky":false,"template":"","format":"standard","meta":{"footnotes":""},"categories":[17,71],"tags":[49,148],"class_list":["post-2402","post","type-post","status-publish","format-standard","hentry","category-emsland-mitte","category-haseluenne","tag-landwirtschaft","tag-wolf"],"_links":{"self":[{"href":"https:\/\/gruene-emsland-mitte.de\/index.php?rest_route=\/wp\/v2\/posts\/2402","targetHints":{"allow":["GET"]}}],"collection":[{"href":"https:\/\/gruene-emsland-mitte.de\/index.php?rest_route=\/wp\/v2\/posts"}],"about":[{"href":"https:\/\/gruene-emsland-mitte.de\/index.php?rest_route=\/wp\/v2\/types\/post"}],"author":[{"embeddable":true,"href":"https:\/\/gruene-emsland-mitte.de\/index.php?rest_route=\/wp\/v2\/users\/4"}],"replies":[{"embeddable":true,"href":"https:\/\/gruene-emsland-mitte.de\/index.php?rest_route=%2Fwp%2Fv2%2Fcomments&post=2402"}],"version-history":[{"count":1,"href":"https:\/\/gruene-emsland-mitte.de\/index.php?rest_route=\/wp\/v2\/posts\/2402\/revisions"}],"predecessor-version":[{"id":2403,"href":"https:\/\/gruene-emsland-mitte.de\/index.php?rest_route=\/wp\/v2\/posts\/2402\/revisions\/2403"}],"wp:attachment":[{"href":"https:\/\/gruene-emsland-mitte.de\/index.php?rest_route=%2Fwp%2Fv2%2Fmedia&parent=2402"}],"wp:term":[{"taxonomy":"category","embeddable":true,"href":"https:\/\/gruene-emsland-mitte.de\/index.php?rest_route=%2Fwp%2Fv2%2Fcategories&post=2402"},{"taxonomy":"post_tag","embeddable":true,"href":"https:\/\/gruene-emsland-mitte.de\/index.php?rest_route=%2Fwp%2Fv2%2Ftags&post=2402"}],"curies":[{"name":"wp","href":"https:\/\/api.w.org\/{rel}","templated":true}]}}