{"id":2406,"date":"2022-08-17T09:34:59","date_gmt":"2022-08-17T09:34:59","guid":{"rendered":"https:\/\/gruene-emsland-mitte.de\/?p=2406"},"modified":"2022-08-17T09:34:59","modified_gmt":"2022-08-17T09:34:59","slug":"twist-wird-gruen","status":"publish","type":"post","link":"https:\/\/gruene-emsland-mitte.de\/?p=2406","title":{"rendered":"Twist wird GR\u00dcN!"},"content":{"rendered":"\n<p class=\"has-medium-font-size\">Gr\u00fcne Emsland Mitte laden ein zum Treffen f\u00fcr (Neu-)Mitglieder und Interessierte<br><br>Die Baumf\u00e4llungen auf dem Markplatz und die geplanten F\u00e4llungen von 140 Eichen in Hebelermeer, die Verkehrsverbindung zwischen Twist und Meppen, die Sanierungen der Grundschulen &#8211; diese und viele weitere Themen sorgen f\u00fcr Diskussionsstoff.<br><br>F\u00fcr unsere Mitglieder vom Twist und alle Twister, die sich f\u00fcr gr\u00fcne Politk interessieren, m\u00f6chten wir nun erstmalig zu einem unverbindlichen Informationsabend einladen. Bei gen\u00fcgend Interesse k\u00f6nnen wir eine feste Twister Ortsgruppe bilden und uns regelm\u00e4\u00dfig treffen, mit dem Ziel auch in Twist eines Tages die Poltik aktiv mitzugestalten.<br><br>Die Gr\u00fcnen im mittleren Emsland sind in den letzten Jahren stark gewachsen. Neben dem Stadtrat in Meppen und dem Kreistag sind wir seit der letzten Kommunalwahl nun auch in den R\u00e4ten von Geeste, Herzlake\/L\u00e4hden, Haren und Hasel\u00fcnne vertreten. Nun m\u00f6chten wir auch in Twist Fu\u00df fassen und uns neben der CDU, der SPD und der W\u00e4hlergemeinschaft Twist hier vor Ort etablieren.<br>Wir freuen uns darauf, Interessierte und Mitglieder am Dienstag 6.9.22 um 19:30 Uhr in der Twister Quelle, Am Kanal 120 zu begr\u00fc\u00dfen!<br><br>F\u00fcr R\u00fcckfagen: <a href=\"#\" data-unscramble=\"ed.ettim-dnalsme-eneurg@redeilgtim\">mitglieder@gruene-emsland-mitte.de<\/a><\/p>\n","protected":false},"excerpt":{"rendered":"<p>Gr\u00fcne Emsland Mitte laden ein zum Treffen f\u00fcr (Neu-)Mitglieder und Interessierte Die Baumf\u00e4llungen auf dem Markplatz und die geplanten F\u00e4llungen von 140 Eichen in Hebelermeer, die Verkehrsverbindung zwischen Twist und [&hellip;]<\/p>\n","protected":false},"author":-1,"featured_media":2407,"comment_status":"closed","ping_status":"open","sticky":false,"template":"","format":"standard","meta":{"footnotes":""},"categories":[3],"tags":[],"class_list":["post-2406","post","type-post","status-publish","format-standard","has-post-thumbnail","hentry","category-allgemein"],"_links":{"self":[{"href":"https:\/\/gruene-emsland-mitte.de\/index.php?rest_route=\/wp\/v2\/posts\/2406","targetHints":{"allow":["GET"]}}],"collection":[{"href":"https:\/\/gruene-emsland-mitte.de\/index.php?rest_route=\/wp\/v2\/posts"}],"about":[{"href":"https:\/\/gruene-emsland-mitte.de\/index.php?rest_route=\/wp\/v2\/types\/post"}],"author":[{"embeddable":true,"href":"https:\/\/gruene-emsland-mitte.de\/index.php?rest_route=\/wp\/v2\/users\/4"}],"replies":[{"embeddable":true,"href":"https:\/\/gruene-emsland-mitte.de\/index.php?rest_route=%2Fwp%2Fv2%2Fcomments&post=2406"}],"version-history":[{"count":1,"href":"https:\/\/gruene-emsland-mitte.de\/index.php?rest_route=\/wp\/v2\/posts\/2406\/revisions"}],"predecessor-version":[{"id":2408,"href":"https:\/\/gruene-emsland-mitte.de\/index.php?rest_route=\/wp\/v2\/posts\/2406\/revisions\/2408"}],"wp:featuredmedia":[{"embeddable":true,"href":"https:\/\/gruene-emsland-mitte.de\/index.php?rest_route=\/wp\/v2\/media\/2407"}],"wp:attachment":[{"href":"https:\/\/gruene-emsland-mitte.de\/index.php?rest_route=%2Fwp%2Fv2%2Fmedia&parent=2406"}],"wp:term":[{"taxonomy":"category","embeddable":true,"href":"https:\/\/gruene-emsland-mitte.de\/index.php?rest_route=%2Fwp%2Fv2%2Fcategories&post=2406"},{"taxonomy":"post_tag","embeddable":true,"href":"https:\/\/gruene-emsland-mitte.de\/index.php?rest_route=%2Fwp%2Fv2%2Ftags&post=2406"}],"curies":[{"name":"wp","href":"https:\/\/api.w.org\/{rel}","templated":true}]}}