{"id":2412,"date":"2022-08-18T11:20:47","date_gmt":"2022-08-18T11:20:47","guid":{"rendered":"https:\/\/gruene-emsland-mitte.de\/?p=2412"},"modified":"2022-11-02T10:04:11","modified_gmt":"2022-11-02T10:04:11","slug":"nicolas-breer-landtagskandidat-fuer-den-wahlkreis-81","status":"publish","type":"post","link":"https:\/\/gruene-emsland-mitte.de\/?p=2412","title":{"rendered":"Nicolas Breer &#8211; Landtagskandidat f\u00fcr den Wahlkreis 81"},"content":{"rendered":"\n<p>Mein Name ist Nicolas Breer, ich bin 30 Jahre jung, geboren und aufgewachsen in Hasel\u00fcnne, der \u00e4ltesten Stadt im Emsland. <br><br>Seit meiner Jugend engagiere ich mich hier in der Jugendarbeit und absolviere seit 2019 die Ausbildung zum Kinder- &amp; Jugendlichenpsychotherapeuten, womit wir schon bei meinem Thema w\u00e4ren.<br><br>Kinder und Jugendliche gehen in der politischen Diskussion h\u00e4ufig unter. Auch die Corona-Pandemie hat dies nochmal gezeigt. Erst zum Ende der dritten Welle kam dieses Thema in den Fokus der politischen Tagespresse. Durch mein langj\u00e4hriges Ehrenamt und meinen Beruf bin ich sehr nah an diesem Thema und will mich auch daf\u00fcr einsetzen, es verst\u00e4rkt in den Fokus der Landespolitik zu bringen, um die Rechte und Beteiligungsm\u00f6glichkeiten von Kindern und Jugendlichen zu st\u00e4rken. So ist es beispielsweise notwendig, einen niedrigschwelligen Zugang zur ambulanten Psychotherapie zu schaffen und auszubauen, Schulen und Kitas als sichere Orte zu unterst\u00fctzen, Schutzkonzepte zu f\u00f6rdern und Wohnraum f\u00fcr obdachlose Jugendliche zu schaffen.<\/p>\n\n\n\n<p><strong>Gr\u00fcnes Emsland<\/strong><br>Wir Gr\u00fcne Niedersachsen haben dieses Jahr die M\u00f6glichkeit, auch das Emsland als fl\u00e4chenm\u00e4\u00dfig gr\u00f6\u00dften und von der Einwohnerzahl drittgr\u00f6\u00dften Landkreis in Niedersachsen, mit einem gr\u00fcnen Mandat in den Landtag zu bringen. Mit den strukturellen Bedingungen, die unsere Region bietet, sind wir Emsl\u00e4nder*innen in Niedersachsen nicht allein. Die strukturellen Herausforderungen der l\u00e4ndlichen Regionen m\u00f6chte ich mit in die Arbeit des Landtages einbringen und den Teil der nieders\u00e4chsischen Bev\u00f6lkerung vertreten, welcher nicht in Hannover oder den anderen gr\u00f6\u00dferen St\u00e4dten lebt.<\/p>\n\n\n\n<p><strong>Erneuerbare Energie<\/strong><\/p>\n\n\n\n<p>Die derzeitige Energiekrise zeigt, dass wir unser Land so schnell wie m\u00f6glich klimaneutral machen und die erneuerbaren Energien massiv ausbauen m\u00fcssen. Im Umbau zu einer klimaneutralen Wirtschaft und im Ausbau von erneuerbaren Energien und Energieeffizienz liegen gro\u00dfe Chancen f\u00fcr den Wirtschaftsstandort Niedersachsen. Dem Emsland als Fl\u00e4chenland kommt hier eine besondere Rolle zu und vorhandene Potenziale sollten genutzt werden.<br>Dabei ist es wichtig, dass mehr Fl\u00e4chen f\u00fcr den Bau von Windkraftanlagen freigegeben werden. Wir fordern, dass 2,5 % der Bodenfl\u00e4che f\u00fcr Windkraft genutzt werden. Das Repowering muss gleichzeitig gef\u00f6rdert werden. B\u00fcrger*innenbeteiligung und Partizipationsm\u00f6glichkeiten sollen ausgebaut werden.<br>Au\u00dferdem brauchen wir eine Solardach-Offensive, um die vorhandenen Potenziale endlich zu nutzen. Wir f\u00fchren eine Photovoltaik\u00ad Pflicht f\u00fcr alle Neubauten und bei Dachsanierungen ein, sofern die Dach\u00adfl\u00e4che geeignet ist. Und gleichzeitig gehen wir das Thema Agri-PV an. Wir ben\u00f6tigen neben der Dachfl\u00e4chen-PV auch den naturvertr\u00e4glichen und fl\u00e4chen\u00adschonenden Freifl\u00e4chen- und Agri-PV- Ausbau. Das Emsland muss dieses Thema schnellstm\u00f6glich angehen und alle Beteiligten an einen Tisch bringen.<\/p>\n\n\n\n<p><strong>Agrarwende<\/strong><br>Das Vorantreiben der \u00f6kologischen Agrarwende muss durch gezielte F\u00f6rderprogramme und Unterst\u00fctzung von famili\u00e4ren b\u00e4uerlichen Betrieben gest\u00e4rkt werden. Wir merken aktuell mehr denn je, dass wir auf die regionale Produktion unserer Nahrung angewiesen sind und es auch aus klimatischer Sicht wichtig ist, die Lieferketten kurz zu halten.<\/p>\n\n\n\n<p><strong>Gegen den vierspurigen Ausbau der E233<\/strong><br>Stra\u00dfen und Infrastruktur sind auch im l\u00e4ndlichen Raum wichtig, aber die Stra\u00dfenbauprojekte, die ihren Sinn verloren haben, wie der 4-spurige-Ausbau der E233, sowie weiterer unn\u00f6tiger Stra\u00dfen in Niedersachsen, m\u00fcssen wir stoppen und das Geld gezielter, bzw. anderweitig nutzen.<\/p>\n\n\n\n<p><strong>Demokratie und Teilhabe<\/strong><br>Durch meinen Werdegang habe ich Menschen aus den unterschiedlichsten Milieus kennenlernen d\u00fcrfen und meine Erkenntnis daraus war, dass wir unsere Ideen nicht einfach anderen \u00fcberst\u00fclpen d\u00fcrfen. Ich m\u00f6chte, dass wir bei politischen Entscheidungen alltagsgerecht vermitteln, um die Teilhabe und gelebte Demokratien zu st\u00e4rken.<\/p>\n\n\n\n<p><\/p>\n\n\n\n<p>Am 4. Februar diesen Jahres wurde ich von meinem Ortsverband B\u00dcNDNIS 90\/ DIE GR\u00dcNEN Emsland-Mitte als Direktkandidat f\u00fcr den Wahlkreis 81 \u2013 Meppen (Haren (Ems), Hasel\u00fcnne und Meppen; die Gemeinden Geeste, Twist und die Samtgemeinden Herzlake sowie Lengerich) f\u00fcr die Wahl zum 19. Nieders\u00e4chsischen Landtag gew\u00e4hlt.<\/p>\n\n\n\n<p><\/p>\n\n\n\n<p>Weitere Infos auf der Seite von Nicolas:<br><br><a href=\"https:\/\/www.nicolas-breer.de\">https:\/\/www.nicolas-breer.de<\/a><\/p>\n","protected":false},"excerpt":{"rendered":"<p>Mein Name ist Nicolas Breer, ich bin 30 Jahre jung, geboren und aufgewachsen in Hasel\u00fcnne, der \u00e4ltesten Stadt im Emsland. Seit meiner Jugend engagiere ich mich hier in der Jugendarbeit [&hellip;]<\/p>\n","protected":false},"author":-1,"featured_media":2413,"comment_status":"closed","ping_status":"open","sticky":false,"template":"","format":"standard","meta":{"footnotes":""},"categories":[3],"tags":[],"class_list":["post-2412","post","type-post","status-publish","format-standard","has-post-thumbnail","hentry","category-allgemein"],"_links":{"self":[{"href":"https:\/\/gruene-emsland-mitte.de\/index.php?rest_route=\/wp\/v2\/posts\/2412","targetHints":{"allow":["GET"]}}],"collection":[{"href":"https:\/\/gruene-emsland-mitte.de\/index.php?rest_route=\/wp\/v2\/posts"}],"about":[{"href":"https:\/\/gruene-emsland-mitte.de\/index.php?rest_route=\/wp\/v2\/types\/post"}],"author":[{"embeddable":true,"href":"https:\/\/gruene-emsland-mitte.de\/index.php?rest_route=\/wp\/v2\/users\/4"}],"replies":[{"embeddable":true,"href":"https:\/\/gruene-emsland-mitte.de\/index.php?rest_route=%2Fwp%2Fv2%2Fcomments&post=2412"}],"version-history":[{"count":6,"href":"https:\/\/gruene-emsland-mitte.de\/index.php?rest_route=\/wp\/v2\/posts\/2412\/revisions"}],"predecessor-version":[{"id":2422,"href":"https:\/\/gruene-emsland-mitte.de\/index.php?rest_route=\/wp\/v2\/posts\/2412\/revisions\/2422"}],"wp:featuredmedia":[{"embeddable":true,"href":"https:\/\/gruene-emsland-mitte.de\/index.php?rest_route=\/wp\/v2\/media\/2413"}],"wp:attachment":[{"href":"https:\/\/gruene-emsland-mitte.de\/index.php?rest_route=%2Fwp%2Fv2%2Fmedia&parent=2412"}],"wp:term":[{"taxonomy":"category","embeddable":true,"href":"https:\/\/gruene-emsland-mitte.de\/index.php?rest_route=%2Fwp%2Fv2%2Fcategories&post=2412"},{"taxonomy":"post_tag","embeddable":true,"href":"https:\/\/gruene-emsland-mitte.de\/index.php?rest_route=%2Fwp%2Fv2%2Ftags&post=2412"}],"curies":[{"name":"wp","href":"https:\/\/api.w.org\/{rel}","templated":true}]}}