{"id":243,"date":"2013-10-16T20:25:34","date_gmt":"2013-10-16T20:25:34","guid":{"rendered":"http:\/\/die-gruenen-meppen.de\/?p=243"},"modified":"2013-10-16T20:25:34","modified_gmt":"2013-10-16T20:25:34","slug":"antrag-zur-reinigung-des-stadtwalls-an-wochenenden-und-feiertagen","status":"publish","type":"post","link":"https:\/\/gruene-emsland-mitte.de\/?p=243","title":{"rendered":"Antrag zur Reinigung des Stadtwalls an Wochenenden und Feiertagen"},"content":{"rendered":"<p>&nbsp;<\/p>\n<p class=\"MsoNormal\">\n<p>Die Stadtratsfraktion von B\u00fcndnis 90 \/ Die Gr\u00fcnen stellt den Antrag auf Reinigung und Sauberhalten des Stadtwalls zwischen Sch\u00fclerwiese und P\u00fcntkers Patt an allen Wochenenden und Feiertagen.<\/p>\n<p>Unsere\u00a0 Begr\u00fcndung: Die Sch\u00fclerwiese sowie das Kriegerdenkmal werden seit Jahren als beliebter Treffpunkt \u00fcberwiegend von jungen Menschen genutzt, die sich hier treffen und auch Getr\u00e4nke mitbringen.<\/p>\n<p class=\"MsoNormal\">Leider bleiben immer gr\u00f6\u00dfere Mengen von Glas, Pizzaverpackungen, Plastikbechern und anderem Abfall \u00fcbrig, die von Freitagabend bis Montag liegenbleiben und das historische Bild des Stadtwalls, aber genauso das Ehrenmal der Kriegsopfer verunstalten. Die Verschmutzung zieht sich in n\u00f6rdlicher Richtung regelm\u00e4\u00dfig bis zum Zusammenfluss von Hase und Ems hin, wo insbesondere die Sitzgelegenheiten verschmutzt sind.<\/p>\n<p class=\"MsoNormal\">Das st\u00f6rt nicht nur einheimische B\u00fcrger, sondern hinterl\u00e4sst auch keinen guten Eindruck bei den zahlreichen Touristen, die diesen Bereich als Fahrradfahrer passieren.\u00a0 Daher sehen wir die Notwendigkeit der regelm\u00e4\u00dfigen Reinigung und stellen den Antrag, auch an Samstagen, Sonntagen und an Feiertagen durch eine Reinigungskraft diesen Bereich sauber zu halten.<\/p>\n<p class=\"MsoNormal\">Herbert L\u00fcgering<\/p>\n<p class=\"MsoNormal\">\n","protected":false},"excerpt":{"rendered":"<p>&nbsp; Die Stadtratsfraktion von B\u00fcndnis 90 \/ Die Gr\u00fcnen stellt den Antrag auf Reinigung und Sauberhalten des Stadtwalls zwischen Sch\u00fclerwiese und P\u00fcntkers Patt an allen Wochenenden und Feiertagen. Unsere\u00a0 Begr\u00fcndung: [&hellip;]<\/p>\n","protected":false},"author":-1,"featured_media":0,"comment_status":"open","ping_status":"open","sticky":false,"template":"","format":"standard","meta":{"footnotes":""},"categories":[3],"tags":[],"class_list":["post-243","post","type-post","status-publish","format-standard","hentry","category-allgemein"],"_links":{"self":[{"href":"https:\/\/gruene-emsland-mitte.de\/index.php?rest_route=\/wp\/v2\/posts\/243","targetHints":{"allow":["GET"]}}],"collection":[{"href":"https:\/\/gruene-emsland-mitte.de\/index.php?rest_route=\/wp\/v2\/posts"}],"about":[{"href":"https:\/\/gruene-emsland-mitte.de\/index.php?rest_route=\/wp\/v2\/types\/post"}],"author":[{"embeddable":true,"href":"https:\/\/gruene-emsland-mitte.de\/index.php?rest_route=\/wp\/v2\/users\/2"}],"replies":[{"embeddable":true,"href":"https:\/\/gruene-emsland-mitte.de\/index.php?rest_route=%2Fwp%2Fv2%2Fcomments&post=243"}],"version-history":[{"count":1,"href":"https:\/\/gruene-emsland-mitte.de\/index.php?rest_route=\/wp\/v2\/posts\/243\/revisions"}],"predecessor-version":[{"id":244,"href":"https:\/\/gruene-emsland-mitte.de\/index.php?rest_route=\/wp\/v2\/posts\/243\/revisions\/244"}],"wp:attachment":[{"href":"https:\/\/gruene-emsland-mitte.de\/index.php?rest_route=%2Fwp%2Fv2%2Fmedia&parent=243"}],"wp:term":[{"taxonomy":"category","embeddable":true,"href":"https:\/\/gruene-emsland-mitte.de\/index.php?rest_route=%2Fwp%2Fv2%2Fcategories&post=243"},{"taxonomy":"post_tag","embeddable":true,"href":"https:\/\/gruene-emsland-mitte.de\/index.php?rest_route=%2Fwp%2Fv2%2Ftags&post=243"}],"curies":[{"name":"wp","href":"https:\/\/api.w.org\/{rel}","templated":true}]}}