{"id":2437,"date":"2022-09-19T19:22:47","date_gmt":"2022-09-19T19:22:47","guid":{"rendered":"https:\/\/gruene-emsland-mitte.de\/?p=2437"},"modified":"2022-09-19T20:15:09","modified_gmt":"2022-09-19T20:15:09","slug":"unsere-ortsgruppe-in-meppen","status":"publish","type":"post","link":"https:\/\/gruene-emsland-mitte.de\/?p=2437","title":{"rendered":"Unsere Ortsgruppe in Meppen"},"content":{"rendered":"\n<p>Wir treffen uns aktuell alle zwei Wochen und freuen uns immer \u00fcber G\u00e4ste und nat\u00fcrlich auch \u00fcber potentielle neue Mitglieder aus Meppen und Umgebung. <br>Wie auf dem Foto zu sehen ist, geht es mitunter auch ungezwungen zu. Anwesend sind immer auch Mitglieder des Stadtrates und z.T. auch des Kreistages. Somit wird aktiv Politik gemacht und diskutiert.<br><br>Solltet ihr Fragen dazu haben oder uns besuchen wollen, meldet euch gerne unter <br><br>mitglieder@gruene-emsland-mitte.de<br><br>Dort erhaltet ihr auch Ort und Termin unseres n\u00e4chsten Treffens.<\/p>\n\n\n\n<p><br>Liebe Gr\u00fc\u00dfe,<br><br>Die OG Meppen der Gr\u00fcnen Emsland Mitte.<\/p>\n","protected":false},"excerpt":{"rendered":"<p>Wir treffen uns aktuell alle zwei Wochen und freuen uns immer \u00fcber G\u00e4ste und nat\u00fcrlich auch \u00fcber potentielle neue Mitglieder aus Meppen und Umgebung. Wie auf dem Foto zu sehen [&hellip;]<\/p>\n","protected":false},"author":-1,"featured_media":2438,"comment_status":"closed","ping_status":"open","sticky":false,"template":"","format":"standard","meta":{"footnotes":""},"categories":[26],"tags":[],"class_list":["post-2437","post","type-post","status-publish","format-standard","has-post-thumbnail","hentry","category-meppen"],"_links":{"self":[{"href":"https:\/\/gruene-emsland-mitte.de\/index.php?rest_route=\/wp\/v2\/posts\/2437","targetHints":{"allow":["GET"]}}],"collection":[{"href":"https:\/\/gruene-emsland-mitte.de\/index.php?rest_route=\/wp\/v2\/posts"}],"about":[{"href":"https:\/\/gruene-emsland-mitte.de\/index.php?rest_route=\/wp\/v2\/types\/post"}],"author":[{"embeddable":true,"href":"https:\/\/gruene-emsland-mitte.de\/index.php?rest_route=\/wp\/v2\/users\/4"}],"replies":[{"embeddable":true,"href":"https:\/\/gruene-emsland-mitte.de\/index.php?rest_route=%2Fwp%2Fv2%2Fcomments&post=2437"}],"version-history":[{"count":1,"href":"https:\/\/gruene-emsland-mitte.de\/index.php?rest_route=\/wp\/v2\/posts\/2437\/revisions"}],"predecessor-version":[{"id":2439,"href":"https:\/\/gruene-emsland-mitte.de\/index.php?rest_route=\/wp\/v2\/posts\/2437\/revisions\/2439"}],"wp:featuredmedia":[{"embeddable":true,"href":"https:\/\/gruene-emsland-mitte.de\/index.php?rest_route=\/wp\/v2\/media\/2438"}],"wp:attachment":[{"href":"https:\/\/gruene-emsland-mitte.de\/index.php?rest_route=%2Fwp%2Fv2%2Fmedia&parent=2437"}],"wp:term":[{"taxonomy":"category","embeddable":true,"href":"https:\/\/gruene-emsland-mitte.de\/index.php?rest_route=%2Fwp%2Fv2%2Fcategories&post=2437"},{"taxonomy":"post_tag","embeddable":true,"href":"https:\/\/gruene-emsland-mitte.de\/index.php?rest_route=%2Fwp%2Fv2%2Ftags&post=2437"}],"curies":[{"name":"wp","href":"https:\/\/api.w.org\/{rel}","templated":true}]}}