{"id":245,"date":"2013-11-12T18:50:02","date_gmt":"2013-11-12T18:50:02","guid":{"rendered":"http:\/\/die-gruenen-meppen.de\/?p=245"},"modified":"2013-11-12T18:50:17","modified_gmt":"2013-11-12T18:50:17","slug":"was-ist-wichtig-fur-meppen","status":"publish","type":"post","link":"https:\/\/gruene-emsland-mitte.de\/?p=245","title":{"rendered":"Was ist wichtig f\u00fcr Meppen ?"},"content":{"rendered":"<p>&nbsp;<\/p>\n<div>Leserbrief:<\/div>\n<div>Eine Strassenbeleuchtung oder eine &#8222;3 Tages Studienreise der Stadtratsfraktion nach Berlin&#8220;???<\/div>\n<div>Eine idyllische Verbindung zur Kreisstadt Meppen ist im Ortsteil Bokeloh der Stationsweg,der an Wochenenden f\u00fcr Radfahrer und Fussg\u00e4nger\u00a0reserviert ist.<\/div>\n<div>Damit wirbt man auf dem Stadtportr\u00e4t der Stadt Meppen in Schriftst\u00fccken, wie auch bei der\u00a0Internetpr\u00e4sentation des Ortsteils Bokeloh.<\/div>\n<div>Seit Jahren fordern die B\u00fcrgerinnen und B\u00fcrger in Bokeloh die Beleuchtung des Stadionsweges.<\/div>\n<div>Nun ist zum wiederholte Mal die Entscheidung durch eine Enthaltung des Ortvorstehers Dr. Hubert Kruse verhindert worden!<\/div>\n<div>H\u00e4tte er\u00a0zugestimmt,w\u00e4re die Stadt Meppen\u00a0zum Handeln aufgefordert gewesen.<\/div>\n<div>Nun f\u00e4hrt aber der Stadtrat(incl. der Ortsvorsteher),B\u00fcrgermeister,Pressebetreuer der MTP vom 14.-16.11 f\u00fcr 3 Tage zu einer &#8222;Studienreise&#8220; nach Berlin!<\/div>\n<div>Ist das Geld (Steuerzahler zahlt)\u00a0dort besser angelegt,als bei einer Beleuchtung des Stationswegs in Bokeloh ?<\/div>\n<div>Die Fraktionsvorsitzender\u00a0 zweier \u00a0Parteien im Stadtrat haben auf jeden Fall schon ihre Teilnahme abgesagt!<\/div>\n<p><span>\u00a0<\/span><\/p>\n<div>G\u00fcnter Br\u00f6ker<\/div>\n","protected":false},"excerpt":{"rendered":"<p>&nbsp; Leserbrief: Eine Strassenbeleuchtung oder eine &#8222;3 Tages Studienreise der Stadtratsfraktion nach Berlin&#8220;??? Eine idyllische Verbindung zur Kreisstadt Meppen ist im Ortsteil Bokeloh der Stationsweg,der an Wochenenden f\u00fcr Radfahrer und [&hellip;]<\/p>\n","protected":false},"author":-1,"featured_media":0,"comment_status":"open","ping_status":"open","sticky":false,"template":"","format":"standard","meta":{"footnotes":""},"categories":[3],"tags":[],"class_list":["post-245","post","type-post","status-publish","format-standard","hentry","category-allgemein"],"_links":{"self":[{"href":"https:\/\/gruene-emsland-mitte.de\/index.php?rest_route=\/wp\/v2\/posts\/245","targetHints":{"allow":["GET"]}}],"collection":[{"href":"https:\/\/gruene-emsland-mitte.de\/index.php?rest_route=\/wp\/v2\/posts"}],"about":[{"href":"https:\/\/gruene-emsland-mitte.de\/index.php?rest_route=\/wp\/v2\/types\/post"}],"author":[{"embeddable":true,"href":"https:\/\/gruene-emsland-mitte.de\/index.php?rest_route=\/wp\/v2\/users\/2"}],"replies":[{"embeddable":true,"href":"https:\/\/gruene-emsland-mitte.de\/index.php?rest_route=%2Fwp%2Fv2%2Fcomments&post=245"}],"version-history":[{"count":3,"href":"https:\/\/gruene-emsland-mitte.de\/index.php?rest_route=\/wp\/v2\/posts\/245\/revisions"}],"predecessor-version":[{"id":248,"href":"https:\/\/gruene-emsland-mitte.de\/index.php?rest_route=\/wp\/v2\/posts\/245\/revisions\/248"}],"wp:attachment":[{"href":"https:\/\/gruene-emsland-mitte.de\/index.php?rest_route=%2Fwp%2Fv2%2Fmedia&parent=245"}],"wp:term":[{"taxonomy":"category","embeddable":true,"href":"https:\/\/gruene-emsland-mitte.de\/index.php?rest_route=%2Fwp%2Fv2%2Fcategories&post=245"},{"taxonomy":"post_tag","embeddable":true,"href":"https:\/\/gruene-emsland-mitte.de\/index.php?rest_route=%2Fwp%2Fv2%2Ftags&post=245"}],"curies":[{"name":"wp","href":"https:\/\/api.w.org\/{rel}","templated":true}]}}