{"id":249,"date":"2013-11-12T19:36:13","date_gmt":"2013-11-12T19:36:13","guid":{"rendered":"http:\/\/die-gruenen-meppen.de\/?p=249"},"modified":"2013-11-12T19:36:13","modified_gmt":"2013-11-12T19:36:13","slug":"leserbrief-zur-mep","status":"publish","type":"post","link":"https:\/\/gruene-emsland-mitte.de\/?p=249","title":{"rendered":"Leserbrief zur MEP"},"content":{"rendered":"<p><span style=\"font-size: x-small\"><span style=\"font-family: arial\"><span style=\"font-size: x-small\">Ich denke <span style=\"font-size: x-small\">d<span style=\"font-size: x-small\">as offensichtliche <span style=\"font-size: x-small\"><span style=\"font-size: x-small\"><span style=\"font-size: x-small\"><span style=\"font-size: x-small\"><span style=\"font-size: x-small\">Problem der Bew<span style=\"font-size: x-small\">irt<span style=\"font-size: x-small\">scha<span style=\"font-size: x-small\">ftung der MEP sollte alle Beteiligten der <span style=\"font-size: x-small\">CDU<span style=\"font-size: x-small\">,<\/span> den anderen Par<span style=\"font-size: x-small\">teien, <span style=\"font-size: x-small\">F<\/span>reunden und Bekannten <\/span>dargestellt werden<span style=\"font-size: x-small\">.\u00a0<\/span> Ich bin mir nicht sicher, ob alle <span style=\"font-size: x-small\">Ratsherren und Ratsda<span style=\"font-size: x-small\">men die Details kennen<span style=\"font-size: x-small\"> und ich b<\/span>ef\u00fcrchte, dass hier der Fraktionsz<span style=\"font-size: x-small\">wang im Vordergrund steht. <span style=\"font-size: x-small\">Durch die Tatsache, dass man mir als B\u00fcrger der Sta<span style=\"font-size: x-small\">dt Meppen die Antworten verweigert, macht mich misstrauisch. <\/span><\/span><\/span><\/span><\/span><\/span><\/span><\/span><\/span><\/span><\/span><\/span><\/span><\/span><\/span><\/span><\/span><\/span><\/span>Die Antworten zu geben ist einfach. Ein guter K\u00e4mmerer k\u00f6nnte die gew\u00fcnschten auf Knopfdruck herausgeben.\u00a0 Aber zun\u00e4chst f\u00fcr diejenigen, die den Vorgang nicht kennen:<br \/>\nAm 07.11. habe ich den B\u00fcrgermeister gefragt, ob sich die Parkpl\u00e4tze der MEP sich f\u00fcr die Stadt rechnen. Zur Info, die Stadt muss mtl. 35000 \u20ac (d.h. 500 Parkpl\u00e4tze a 70 \u20ac), d.h. 420.000 \u20ac pro Jahr, d.h. 4.2 Mill. \u20ac in 10 Jahren (Vertragsdauer) zahlen.<br \/>\nAm Nachmittag des 07.11. l\u00e4sst der B\u00fcrgermeister durch seine Mitarbeiterin ausrichten, dass ich keine Auskunft bekommen werde. Man verweist auf die regelm\u00e4\u00dfige \u00f6ffentliche Tagung der Betriebsaussch\u00fcsse der Stadtwerke.<br \/>\nIch habe mich mit der Antwort nicht zufrieden geben k\u00f6nnen und habe bei der CDU-Fraktion um Antworten gebeten.<br \/>\nVon Herrn Schwering bekomme ich Sinngem\u00e4\u00df die Antwort:<br \/>\nMan war sich von Anfang dar\u00fcber im Klaren, dass man nur schwerlich ein Ergebnis erwirtschaften wird, d.h. einfach ausgedr\u00fcckt:\u00a0\u00a0 Verluste schreibt !!! Er deutet an, dass man bereits jetzt die entstehenden Verluste in einem Nachtragshaushalt bzw. im Haushalt 2014 ausgleichen will. Er teilt noch mit, dass Details von dem Vertrag mit dem Investor vertraulich sind und hofft auf mein Verst\u00e4ndnis.<br \/>\nDazu: Ich will keine vertrauliche Daten wissen. Ich will schlichtweg wissen wie um die Profitabilit\u00e4t der Parkpl\u00e4tze steht. Die wesentlichen Vertragsvereinbarungen hinsichtlich der Betr\u00e4ge die die\u00a0 Stadt zu zahlen hat, wurden auf Nachfrage eines B\u00fcrgers in einer Ratssitzung ohnehin durch den B\u00fcrgermeister genannt.<br \/>\nEs scheint zu sein, dass die Stadt hier einiges zu Verbergen hat. Diese Art wie man Fragen eines B\u00fcrgers nicht beantworten will, tr\u00e4gt beileibe nicht zur Vertrauensbildung bei. Wenn ich jetzt keine Antwort bekomme, werde ich in der n\u00e4chsten Ratssitzung diese Antworten in der B\u00fcrgerfragestunde einfordern.<br \/>\nLiebe CDU-Ratsherren- und Damen,\u00a0 Soweit ich das in der Schule gelernt habe soll doch die Legislative (= CDU-Fraktion) die Exekutive (= Verwaltung) kontrollieren. Ich habe den Eindruck, dass es diese Gewaltenteilung offensichtlich nicht mehr gibt. Das ist sehr bedenklich\u00a0 hat mit Demokratie wenig zu tun.<br \/>\n(Absender der Redaktion bekannt)<\/p>\n","protected":false},"excerpt":{"rendered":"<p>Ich denke das offensichtliche Problem der Bewirtschaftung der MEP sollte alle Beteiligten der CDU, den anderen Parteien, Freunden und Bekannten dargestellt werden.\u00a0 Ich bin mir nicht sicher, ob alle Ratsherren [&hellip;]<\/p>\n","protected":false},"author":-1,"featured_media":0,"comment_status":"open","ping_status":"open","sticky":false,"template":"","format":"standard","meta":{"footnotes":""},"categories":[3],"tags":[],"class_list":["post-249","post","type-post","status-publish","format-standard","hentry","category-allgemein"],"_links":{"self":[{"href":"https:\/\/gruene-emsland-mitte.de\/index.php?rest_route=\/wp\/v2\/posts\/249","targetHints":{"allow":["GET"]}}],"collection":[{"href":"https:\/\/gruene-emsland-mitte.de\/index.php?rest_route=\/wp\/v2\/posts"}],"about":[{"href":"https:\/\/gruene-emsland-mitte.de\/index.php?rest_route=\/wp\/v2\/types\/post"}],"author":[{"embeddable":true,"href":"https:\/\/gruene-emsland-mitte.de\/index.php?rest_route=\/wp\/v2\/users\/2"}],"replies":[{"embeddable":true,"href":"https:\/\/gruene-emsland-mitte.de\/index.php?rest_route=%2Fwp%2Fv2%2Fcomments&post=249"}],"version-history":[{"count":1,"href":"https:\/\/gruene-emsland-mitte.de\/index.php?rest_route=\/wp\/v2\/posts\/249\/revisions"}],"predecessor-version":[{"id":250,"href":"https:\/\/gruene-emsland-mitte.de\/index.php?rest_route=\/wp\/v2\/posts\/249\/revisions\/250"}],"wp:attachment":[{"href":"https:\/\/gruene-emsland-mitte.de\/index.php?rest_route=%2Fwp%2Fv2%2Fmedia&parent=249"}],"wp:term":[{"taxonomy":"category","embeddable":true,"href":"https:\/\/gruene-emsland-mitte.de\/index.php?rest_route=%2Fwp%2Fv2%2Fcategories&post=249"},{"taxonomy":"post_tag","embeddable":true,"href":"https:\/\/gruene-emsland-mitte.de\/index.php?rest_route=%2Fwp%2Fv2%2Ftags&post=249"}],"curies":[{"name":"wp","href":"https:\/\/api.w.org\/{rel}","templated":true}]}}