{"id":251,"date":"2013-12-12T21:38:02","date_gmt":"2013-12-12T21:38:02","guid":{"rendered":"http:\/\/die-gruenen-meppen.de\/?p=251"},"modified":"2013-12-12T21:38:02","modified_gmt":"2013-12-12T21:38:02","slug":"1000-euro-spende-fur-bi","status":"publish","type":"post","link":"https:\/\/gruene-emsland-mitte.de\/?p=251","title":{"rendered":"1000 Euro-Spende f\u00fcr BI"},"content":{"rendered":"<p>Meppen. Die Kreistagsabgeordneten der  Gr\u00fcnen, Carsten Keetz und Norbert Knape (v. l.) haben jetzt 1000 Euro an die B\u00fcrgerinitiative gegen die geplanten Bio-H\u00e4hnchenst\u00e4lle in Meppen-S\u00fcd \u00fcberreicht. Das Geld stammt aus der Freibetragserh\u00f6hung f\u00fcr Kreistagsabgeordnete, die alle emsl\u00e4ndischen gr\u00fcnen Abgeordnete regelm\u00e4\u00dfig und j\u00e4hrlich in einen \u201eSozialfonds\u201c einzahlen, der schlie\u00dflich an unterschiedliche Initiativen oder Vereine flie\u00dft. Cornelis de Regt, 1. Vorsitzender sowie Dr. Peter Reichenbach vom Beirat der BI  erl\u00e4uterten anl\u00e4sslich der symbolischen \u00dcbergabe eines Scheckes die  Aktivit\u00e4ten der BI Meppen.<br \/>\nDiese Aktivit\u00e4ten waren in erster Linie darauf gerichtet, Einfluss auf den von der Stadt Meppen angek\u00fcndigten Bebauungsplan Nr. 92-A S\u00fcd\u00f6stlicher Siedlungsrand Meppen zu nehmen. Hier ging es uns um eine verbesserte Ber\u00fccksichtigung der Belange der Anwohner im Hinblick auf den Immissionsschutz und die m\u00f6gliche Einhaltung von Abstandsfl\u00e4chen.<br \/>\nIm Nachgang zu einem Treffen mit dem neuen gr\u00fcnen Landwirtschaftsminister des Landes Niedersachsen hatte man die Erwartung, dass eine Regelung gefunden werden k\u00f6nne, die die ohnedies aufgrund des \u201eFiltererlasses\u201c geltenden Grenzwerte noch verbessern k\u00f6nnte. Diese Hoffnung wurde nach Auffassung der BI vonseiten der Stadt Meppen entt\u00e4uscht, als anl\u00e4sslich einer B\u00fcrgerversammlung der Stadt Meppen in Teglingen von dem Referenten der Stadt Meppen die Auffassung vertreten wurde, die die Gefl\u00fcgelhaltung betreffenden Vorschriften des Filtererlasses w\u00fcrden auf Legehennen-St\u00e4lle keine Anwendung finden. Im Sp\u00e4tsommer kam es zu einem Treffen mit Vertretern von Rat und Stadt sowie B\u00fcrgermeister Bohling; dort bekr\u00e4ftigte die Stadt ihre Rechtsauffassung, dass die Festlegung von Pufferzonen zwischen der Wohnbev\u00f6lkerung einerseits und den landwirtschaftlichen Betrieben andererseits unzul\u00e4ssig sei. Da man in den Bebauungsplan allerdings aufgenommen habe, dass die Bauern den Nachweis f\u00fchren m\u00fcssten, dass von ihren Stallungen keine unzul\u00e4ssige Belastung mit Bioaerosolen ausgehe, sei ohnedies f\u00fcr einen hinreichenden Schutz der Anwohner gesorgt. Nachdem dann allerdings der LK Emsland auf sch\u00fctzenswerte Biotope in der Umgebung der Hofstellen am Feldkamp hingewiesen hatte, stoppte die Stadt Meppen einstweilen das Bebauungsplanverfahren und verl\u00e4ngerte die bestehende Ver\u00e4nderungssperre um ein Jahr, um ein Vegetationsgutachten einzuholen<br \/>\nDie BI Meppen e.V. werde durch eine weitere Vortragsveranstaltung im M\u00e4rz 2014 versuchen, das Bewusstsein der B\u00fcrger f\u00fcr die Gefahren dieser Art von Tierhaltung wach zu halten. Des Weiteren soll weiter eine Spendenakquise betrieben werden, um rechtlich gegen eine etwaige erneute Genehmigung der Stallanlagen vorgehen zu k\u00f6nnen. Die Vertreter der BI und der Gr\u00fcnen sind sich einig, dass beide B\u00fcndnispartner f\u00fcr ein lebenswertes, familienfreundliches Meppen k\u00e4mpfen. <\/p>\n","protected":false},"excerpt":{"rendered":"<p>Meppen. Die Kreistagsabgeordneten der Gr\u00fcnen, Carsten Keetz und Norbert Knape (v. l.) haben jetzt 1000 Euro an die B\u00fcrgerinitiative gegen die geplanten Bio-H\u00e4hnchenst\u00e4lle in Meppen-S\u00fcd \u00fcberreicht. Das Geld stammt aus [&hellip;]<\/p>\n","protected":false},"author":-1,"featured_media":0,"comment_status":"open","ping_status":"open","sticky":false,"template":"","format":"standard","meta":{"footnotes":""},"categories":[3],"tags":[],"class_list":["post-251","post","type-post","status-publish","format-standard","hentry","category-allgemein"],"_links":{"self":[{"href":"https:\/\/gruene-emsland-mitte.de\/index.php?rest_route=\/wp\/v2\/posts\/251","targetHints":{"allow":["GET"]}}],"collection":[{"href":"https:\/\/gruene-emsland-mitte.de\/index.php?rest_route=\/wp\/v2\/posts"}],"about":[{"href":"https:\/\/gruene-emsland-mitte.de\/index.php?rest_route=\/wp\/v2\/types\/post"}],"author":[{"embeddable":true,"href":"https:\/\/gruene-emsland-mitte.de\/index.php?rest_route=\/wp\/v2\/users\/2"}],"replies":[{"embeddable":true,"href":"https:\/\/gruene-emsland-mitte.de\/index.php?rest_route=%2Fwp%2Fv2%2Fcomments&post=251"}],"version-history":[{"count":1,"href":"https:\/\/gruene-emsland-mitte.de\/index.php?rest_route=\/wp\/v2\/posts\/251\/revisions"}],"predecessor-version":[{"id":252,"href":"https:\/\/gruene-emsland-mitte.de\/index.php?rest_route=\/wp\/v2\/posts\/251\/revisions\/252"}],"wp:attachment":[{"href":"https:\/\/gruene-emsland-mitte.de\/index.php?rest_route=%2Fwp%2Fv2%2Fmedia&parent=251"}],"wp:term":[{"taxonomy":"category","embeddable":true,"href":"https:\/\/gruene-emsland-mitte.de\/index.php?rest_route=%2Fwp%2Fv2%2Fcategories&post=251"},{"taxonomy":"post_tag","embeddable":true,"href":"https:\/\/gruene-emsland-mitte.de\/index.php?rest_route=%2Fwp%2Fv2%2Ftags&post=251"}],"curies":[{"name":"wp","href":"https:\/\/api.w.org\/{rel}","templated":true}]}}