{"id":253,"date":"2013-12-15T00:06:45","date_gmt":"2013-12-15T00:06:45","guid":{"rendered":"http:\/\/die-gruenen-meppen.de\/?p=253"},"modified":"2013-12-15T00:06:45","modified_gmt":"2013-12-15T00:06:45","slug":"puntkers-patt-neu-denken","status":"publish","type":"post","link":"https:\/\/gruene-emsland-mitte.de\/?p=253","title":{"rendered":"P\u00fcntkers Patt neu denken"},"content":{"rendered":"<p>Hunderte oder tausende Radfahrer begegnen sich t\u00e4glich am Meppener  Radweg P\u00fcntkers Patt, sie benutzen diesen schmalen Fahrradweg in Richtung Esterfeld\/BBS\/Hallenbad und umgekehrt Richtung MEP\/Neustadt\/Marianum. F\u00fcr viele noch kaum bemerkenswert,  queren sie doch einen der sch\u00f6nsten Meppener Punkte &#8211;  wenn auch gegenw\u00e4rtig nur als willkommene Abk\u00fcrzung. F\u00fcr die St\u00e4dteplaner ist es ein Ort des bisherigen Scheiterns.  \u00dcberlegungen der Meppener Investoren mit der Planung eines Hotels oder eines \u00c4rztezentrums scheiterten. Die &#8222;\u00f6deste&#8220; L\u00f6sung, einen Parkplatz wiederherzustellen, ist jetzt vollzogen worden, obwohl nur 200 m entfernt gerade mehrere hundert Parkpl\u00e4tze nach Schlie\u00dfung des untersten Parkdecks in der MEP entfallen sind. Das alles ist nach unserer Auffassung  an Einfallslosigkeit nicht zu \u00fcberbieten. Unsere gr\u00fcne Idee f\u00fcr Meppen: Der Fahrradweg wird entsprechend der verkehrlichen Bed\u00fcrfnisse verbreitert und der Platz am Wasser als Begegnungszentrum f\u00fcr alle B\u00fcrger, f\u00fcr jung und alt bereit gehalten, mit der M\u00f6glichkeit der Errichtung eines Cafes mit Zugang zum Wasser sowie eines Kulturzentrums mit B\u00fchne (Au\u00dfen als Pavillon und Innen als B\u00fchne), auch f\u00fcr Kleinkunst w\u00fcnschenswertSo etwas wollten junge Menschen in Meppen schon immer, sind allerdings mit ihren Ideen immer an den &#8222;St\u00e4dteplanern&#8220; gescheitert. Die Stadtratsfraktion wird die vorgelegten Ideen in die Planungen einbringen.<\/p>\n","protected":false},"excerpt":{"rendered":"<p>Hunderte oder tausende Radfahrer begegnen sich t\u00e4glich am Meppener Radweg P\u00fcntkers Patt, sie benutzen diesen schmalen Fahrradweg in Richtung Esterfeld\/BBS\/Hallenbad und umgekehrt Richtung MEP\/Neustadt\/Marianum. F\u00fcr viele noch kaum bemerkenswert, queren [&hellip;]<\/p>\n","protected":false},"author":-1,"featured_media":0,"comment_status":"open","ping_status":"open","sticky":false,"template":"","format":"standard","meta":{"footnotes":""},"categories":[3],"tags":[],"class_list":["post-253","post","type-post","status-publish","format-standard","hentry","category-allgemein"],"_links":{"self":[{"href":"https:\/\/gruene-emsland-mitte.de\/index.php?rest_route=\/wp\/v2\/posts\/253","targetHints":{"allow":["GET"]}}],"collection":[{"href":"https:\/\/gruene-emsland-mitte.de\/index.php?rest_route=\/wp\/v2\/posts"}],"about":[{"href":"https:\/\/gruene-emsland-mitte.de\/index.php?rest_route=\/wp\/v2\/types\/post"}],"author":[{"embeddable":true,"href":"https:\/\/gruene-emsland-mitte.de\/index.php?rest_route=\/wp\/v2\/users\/2"}],"replies":[{"embeddable":true,"href":"https:\/\/gruene-emsland-mitte.de\/index.php?rest_route=%2Fwp%2Fv2%2Fcomments&post=253"}],"version-history":[{"count":1,"href":"https:\/\/gruene-emsland-mitte.de\/index.php?rest_route=\/wp\/v2\/posts\/253\/revisions"}],"predecessor-version":[{"id":254,"href":"https:\/\/gruene-emsland-mitte.de\/index.php?rest_route=\/wp\/v2\/posts\/253\/revisions\/254"}],"wp:attachment":[{"href":"https:\/\/gruene-emsland-mitte.de\/index.php?rest_route=%2Fwp%2Fv2%2Fmedia&parent=253"}],"wp:term":[{"taxonomy":"category","embeddable":true,"href":"https:\/\/gruene-emsland-mitte.de\/index.php?rest_route=%2Fwp%2Fv2%2Fcategories&post=253"},{"taxonomy":"post_tag","embeddable":true,"href":"https:\/\/gruene-emsland-mitte.de\/index.php?rest_route=%2Fwp%2Fv2%2Ftags&post=253"}],"curies":[{"name":"wp","href":"https:\/\/api.w.org\/{rel}","templated":true}]}}