{"id":271,"date":"2014-01-09T20:43:29","date_gmt":"2014-01-09T20:43:29","guid":{"rendered":"http:\/\/die-gruenen-meppen.de\/?p=271"},"modified":"2014-01-09T20:43:29","modified_gmt":"2014-01-09T20:43:29","slug":"antrag-zur-anlegestelle-in-hohe-des-hanekenkanals","status":"publish","type":"post","link":"https:\/\/gruene-emsland-mitte.de\/?p=271","title":{"rendered":"Antrag zur Anlegestelle in H\u00f6he des Hanekenkanals"},"content":{"rendered":"<p>Herbert L\u00fcgering von B\u00fcndnis 90\/Die Gr\u00fcnen stellte im Stadtrat den Antrag, die Anlegestelle f\u00fcr Boote in H\u00f6he des Hanekenkanals (auch bekannt unter der Bezeichnung Ems-Hase Kanal oder Alter Emskanal) ca. 500 Meter weiter flussabw\u00e4rts in die N\u00e4he der H\u00f6ltingm\u00fchle zu verlegen.<br \/>\nBegr\u00fcndung: Seit Jahren wird die Steganlage \u00fcberwiegend von Kanu- und Kajakfahrern genutzt, die die Hase aus Richtung Hasel\u00fcnne kommend mit dem Ziel Meppen befahren. In der letzten Zeit ist der Bootsverkehr durch den zunehmenden Tourismus stark gestiegen, dadurch ebenfalls der Autoverkehr zum Transport der Boote.<br \/>\nMehrere Verleihunternehmen, aber auch zahlreiche private Bootstransporte befahren daher den Weg zwischen der Stra\u00dfe Helter Damm und der Anlegestelle entlang des historischen Hanekenkanals. Das dies nicht ohne sichtbare Folgen bleibt, zeigt sich mittlerweile am Zustand des Weges l\u00e4ngs des Kanals. Der Weg ist stark besch\u00e4digt, gro\u00dfe Schlagl\u00f6cher sind entstanden, der Weg rutscht ab und neigt sich bedenklich Richtung Kanal. Die direkt am Wasser stehenden Geh\u00f6lze neigen sich ebenfalls und haben dadurch schon eine erhebliche Schr\u00e4gstellung.<br \/>\nIn den Sommermonaten wird durch die fahrenden Fahrzeuge eine erhebliche Staub- und L\u00e4rmbelastung erzeugt, die die direkt angrenzende Wassertretanlage des Kneippvereins beeintr\u00e4chtigen.<br \/>\nDurch eine Verlegung der Anlegestelle Richtung H\u00f6ltingm\u00fchle, an der sich z.Z. bereits ein kleiner Anleger befindet, und Absperrung durch eine Schranke in H\u00f6he des kleinen Parkplatzes am Helter Damm k\u00f6nnte dieser historisch \u00e4u\u00dferst wertvolle Ort wieder gesch\u00fctzt werden. Eine Verlegung der Steganlage bringt aber noch andere Vorteile: die Zuwegung vor der H\u00f6ltingm\u00fchle ist gut befestigt, es w\u00fcrden keine Besch\u00e4digungen durch die Bootstranporteure entstehen, ebenso w\u00fcrde durch die zahlreichen Bootstouristen der Umsatz der Gastst\u00e4tte der H\u00f6ltingm\u00fchle steigen, was wiederum der Stadt Meppen erm\u00f6glicht, eine angemessene Pacht zu fordern.<\/p>\n","protected":false},"excerpt":{"rendered":"<p>Herbert L\u00fcgering von B\u00fcndnis 90\/Die Gr\u00fcnen stellte im Stadtrat den Antrag, die Anlegestelle f\u00fcr Boote in H\u00f6he des Hanekenkanals (auch bekannt unter der Bezeichnung Ems-Hase Kanal oder Alter Emskanal) ca. [&hellip;]<\/p>\n","protected":false},"author":-1,"featured_media":0,"comment_status":"open","ping_status":"open","sticky":false,"template":"","format":"standard","meta":{"footnotes":""},"categories":[3],"tags":[],"class_list":["post-271","post","type-post","status-publish","format-standard","hentry","category-allgemein"],"_links":{"self":[{"href":"https:\/\/gruene-emsland-mitte.de\/index.php?rest_route=\/wp\/v2\/posts\/271","targetHints":{"allow":["GET"]}}],"collection":[{"href":"https:\/\/gruene-emsland-mitte.de\/index.php?rest_route=\/wp\/v2\/posts"}],"about":[{"href":"https:\/\/gruene-emsland-mitte.de\/index.php?rest_route=\/wp\/v2\/types\/post"}],"author":[{"embeddable":true,"href":"https:\/\/gruene-emsland-mitte.de\/index.php?rest_route=\/wp\/v2\/users\/2"}],"replies":[{"embeddable":true,"href":"https:\/\/gruene-emsland-mitte.de\/index.php?rest_route=%2Fwp%2Fv2%2Fcomments&post=271"}],"version-history":[{"count":3,"href":"https:\/\/gruene-emsland-mitte.de\/index.php?rest_route=\/wp\/v2\/posts\/271\/revisions"}],"predecessor-version":[{"id":276,"href":"https:\/\/gruene-emsland-mitte.de\/index.php?rest_route=\/wp\/v2\/posts\/271\/revisions\/276"}],"wp:attachment":[{"href":"https:\/\/gruene-emsland-mitte.de\/index.php?rest_route=%2Fwp%2Fv2%2Fmedia&parent=271"}],"wp:term":[{"taxonomy":"category","embeddable":true,"href":"https:\/\/gruene-emsland-mitte.de\/index.php?rest_route=%2Fwp%2Fv2%2Fcategories&post=271"},{"taxonomy":"post_tag","embeddable":true,"href":"https:\/\/gruene-emsland-mitte.de\/index.php?rest_route=%2Fwp%2Fv2%2Ftags&post=271"}],"curies":[{"name":"wp","href":"https:\/\/api.w.org\/{rel}","templated":true}]}}