{"id":274,"date":"2014-01-09T20:51:10","date_gmt":"2014-01-09T20:51:10","guid":{"rendered":"http:\/\/die-gruenen-meppen.de\/?p=274"},"modified":"2021-08-04T09:15:48","modified_gmt":"2021-08-04T09:15:48","slug":"grune-unterstutzen-neuen-burgermeister","status":"publish","type":"post","link":"https:\/\/gruene-emsland-mitte.de\/?p=274","title":{"rendered":"Gr\u00fcne unterst\u00fctzen neuen B\u00fcrgermeister"},"content":{"rendered":"<p><a href=\"https:\/\/www.noz.de\/lokales\/meppen\/artikel\/441702\/dritter-burgermeisterkandidat-fur-meppen\" target=\"_blank\" rel=\"noopener\">(NOZ v. 10.1.2014;<\/a> Meppen. Mit einem geb\u00fcrtigen Meppener gehen die vier Meppener Oppositionsfraktionen in den gemeinsamen B\u00fcrgermeisterwahlkampf. Der Polizist Helmut Knurbein soll nach dem Willen von SPD, UWG, B\u00fcndnis 90\/Die Gr\u00fcnen und FDP am 25. Mai die absolute Mehrheit der Stimmen auf sich vereinen.<\/p>\n<p>In einem Pressegespr\u00e4ch am Donnerstag sagte der 49-J\u00e4hrige: \u201eIch geh\u00f6re keiner Partei an und stehe auch unter keinem Fraktionszwang. Ich habe ein offenes Ohr f\u00fcr alle B\u00fcrger.\u201c Auf die Stellenanzeige der vier Parteien in unserer Zeitung habe er sich f\u00fcr die Aufgabe beworben. Die vier Parteiensprecher Andrea K\u00f6tter (SPD), G\u00fcnther Pletz (UWG), Carmen P\u00fcpke (B\u00fcndnis 90\/Die Gr\u00fcnen) und Tobias Kemper (FDP) sagten, dass es f\u00fcr diese Kandidatur schnell einen breiten Konsens gab. \u201eDazu K\u00f6tter: \u201eEr macht einen sehr glaubhaften Eindruck. Zudem will er gestalten.\u201c Sie hofft, dass sich mit der Wahl des B\u00fcrgermeisters die Kooperation im Stadtrat verbessern werde. \u201eEr steht neuen Ideen und auch Kritikpunkten aufgeschlossen gegen\u00fcber.\u201c Dabei f\u00fcgte G\u00fcnter Pletz (UWG) hinzu: \u201eWir wollen auch mit der CDU zusammenarbeiten.\u201c Wichtig sei, dass Knurbein \u201eoffen auf die Menschen zugehen kann\u201c. Gerade in dieser Hinsicht habe er ihn in dem Bewerbungsgespr\u00e4ch \u00fcberzeugt. Dabei lobten alle vier Fraktionen die \u00dcberparteilichkeit des Bewerbers. Hiervon k\u00f6nne Meppen nur profitieren. Er sei ein Ansprechpartner f\u00fcr alle B\u00fcrger und Politiker. Knurbein selbst gab an, als Vertreter der Polizeigewerkschaft im Emsland bereits \u201eviele Kontakte zur Kommunalpolitik\u201c zu haben.<\/p>\n<p>Er wurde am 15. M\u00e4rz 1964 in Meppen geboren. Nach der Realschule und dem Besuch des Windthorstgymnasiums legte er die Fachhochschulreife ab. Danach folgte eine zweij\u00e4hrige Ausbildung bei der Bundeswehr, die er als Leutnant der Reserve 1987 verlie\u00df.<\/p>\n<p>Im selben Jahr begann seine Ausbildung zum Polizisten. Von 1992 bis 1995 absolvierte er parallel zum Polizeidienst das Studium zum Diplom-Verwaltungswirt in Hildesheim. Danach arbeitete er als Kommissar beim Polizeikommissariat in Papenburg. Anschlie\u00dfend leitete er die Polizeistationen in Hasel\u00fcnne und Haren. Zudem war er als Dozent an der Fachhochschule Oldenburg f\u00fcr Strafrecht t\u00e4tig.<\/p>\n<p>Seit 2010 ist er als Erster Polizeihauptkommissar stellvertretender Leiter im Personaldezernat f\u00fcr die Polizeidirektion in Osnabr\u00fcck mit rund 3000 Mitarbeitern. Der verheiratete Vater von zwei T\u00f6chtern (13 und 16 Jahre alt) wohnt in Klein-Ber\u00dfen. \u201eWir w\u00fcrden im Fall des Wahlsieges nach Meppen umziehen\u201c, versprach er.<\/p>\n<p>Bereits am Sonntag, 12. Januar, wird er sich \u00f6ffentlich vorstellen. SPD, UWG, B\u00fcndnis 90\/Die Gr\u00fcnen und FDP wollen ihren Bewerber im Rahmen eines gemeinsamen Fr\u00fchschoppens den B\u00fcrgern von 10.30 bis 12 Uhr im Kolpinghaus vorstellen.<\/p>\n","protected":false},"excerpt":{"rendered":"<p>(NOZ v. 10.1.2014; Meppen. Mit einem geb\u00fcrtigen Meppener gehen die vier Meppener Oppositionsfraktionen in den gemeinsamen B\u00fcrgermeisterwahlkampf. Der Polizist Helmut Knurbein soll nach dem Willen von SPD, UWG, B\u00fcndnis 90\/Die [&hellip;]<\/p>\n","protected":false},"author":-1,"featured_media":0,"comment_status":"open","ping_status":"open","sticky":false,"template":"","format":"standard","meta":{"footnotes":""},"categories":[3],"tags":[],"class_list":["post-274","post","type-post","status-publish","format-standard","hentry","category-allgemein"],"_links":{"self":[{"href":"https:\/\/gruene-emsland-mitte.de\/index.php?rest_route=\/wp\/v2\/posts\/274","targetHints":{"allow":["GET"]}}],"collection":[{"href":"https:\/\/gruene-emsland-mitte.de\/index.php?rest_route=\/wp\/v2\/posts"}],"about":[{"href":"https:\/\/gruene-emsland-mitte.de\/index.php?rest_route=\/wp\/v2\/types\/post"}],"author":[{"embeddable":true,"href":"https:\/\/gruene-emsland-mitte.de\/index.php?rest_route=\/wp\/v2\/users\/2"}],"replies":[{"embeddable":true,"href":"https:\/\/gruene-emsland-mitte.de\/index.php?rest_route=%2Fwp%2Fv2%2Fcomments&post=274"}],"version-history":[{"count":8,"href":"https:\/\/gruene-emsland-mitte.de\/index.php?rest_route=\/wp\/v2\/posts\/274\/revisions"}],"predecessor-version":[{"id":2012,"href":"https:\/\/gruene-emsland-mitte.de\/index.php?rest_route=\/wp\/v2\/posts\/274\/revisions\/2012"}],"wp:attachment":[{"href":"https:\/\/gruene-emsland-mitte.de\/index.php?rest_route=%2Fwp%2Fv2%2Fmedia&parent=274"}],"wp:term":[{"taxonomy":"category","embeddable":true,"href":"https:\/\/gruene-emsland-mitte.de\/index.php?rest_route=%2Fwp%2Fv2%2Fcategories&post=274"},{"taxonomy":"post_tag","embeddable":true,"href":"https:\/\/gruene-emsland-mitte.de\/index.php?rest_route=%2Fwp%2Fv2%2Ftags&post=274"}],"curies":[{"name":"wp","href":"https:\/\/api.w.org\/{rel}","templated":true}]}}