{"id":281,"date":"2014-01-16T21:05:41","date_gmt":"2014-01-16T21:05:41","guid":{"rendered":"http:\/\/die-gruenen-meppen.de\/?p=281"},"modified":"2014-01-16T21:05:41","modified_gmt":"2014-01-16T21:05:41","slug":"was-kostet-eine-fusgangerbrucke","status":"publish","type":"post","link":"https:\/\/gruene-emsland-mitte.de\/?p=281","title":{"rendered":"Was kostet eine Fu\u00dfg\u00e4ngerbr\u00fccke ?"},"content":{"rendered":"<p>B\u00fcndnis 90\/Die Gr\u00fcnen stellen den Antrag zur Kostenermittlung einer Rad \u2013 und Fu\u00dfg\u00e4ngerbr\u00fccke \u00fcber die Hase in H\u00f6he der Eisenbahnlinie zwischen Helter Damm\/ Nord und der Neustadt\/ Riedemannstra\u00dfe.<br \/>\nBegr\u00fcndung: In den letzten Jahren ist der Bereich Helter Damm Nord und S\u00fcd und ebenso der Feldkamp S\u00fcd komplett bebaut worden. Ebenso sind in Helte und Teglingen neue Baugebiete entstanden und auch weiter geplant.<br \/>\nDie Anzahl der B\u00fcrger ist in den gerade genannten Stadtteilen dadurch sehr stark angestiegen. Viele der dort lebenden Familien haben Kinder, die mit ihren Fahrr\u00e4dern Einrichtungen in Meppen besuchen, die auch zum gro\u00dfen Teil in der Neustadt liegen, z.B. die Haupt \u2013 und Realschule KVG, das Gymnasium Marianum, die Marienhausschule und das Stadion des SV Meppen. In den Sommermonaten  fahren viele Sch\u00fcler und Erwachsene zum Baden zum M\u00f6llersee. Ebenso fahren viele Einwohner zu ihren in der Neustadt liegenden Arbeitspl\u00e4tzen, z.B. zum Kreishaus, zur WTD91 oder an die vorhin aufgef\u00fchrten Schulen bzw. den dort ans\u00e4ssigen Gesch\u00e4ften. Die Neustadt bietet auch viele Einkaufsm\u00f6glichkeiten bzw. Dienstleistungsunternehmen.<br \/>\nBislang l\u00e4uft der gesamte Verkehr \u00fcber den Hasebrink, was nicht nur einen weiten Weg verursacht, sondern auch gef\u00e4hrlicher wegen des hohen Verkehrsaufkommens ist. Auch verleitet dieser l\u00e4ngere Weg dazu, statt mit dem Rad doch lieber das Auto zu nehmen, was klimapolitisch gesehen die Umwelt unn\u00f6tigerweise belastet.<br \/>\nAus all diesen Gr\u00fcnden halten wir es seit Jahren f\u00fcr zwingend notwendig, die s\u00fcdlichen Stadtteile auch f\u00fcr Fu\u00dfg\u00e4nger bzw. Radfahrer zur Neustadt schnell und sicher erreichbar zu machen.<br \/>\nDaher stellen wir den Antrag zur Kostenermittlung einer Br\u00fccke, die die aufgef\u00fchrten Stadtteile mit der Neustadt verbindet. Wir stellen uns eine \u00dcberquerung der Hase \u00e4hnlich vor, wie der in D\u00f6rgen, die mit einem \u00e4u\u00dferst geringen Kostenaufwand realisiert wurde.<\/p>\n","protected":false},"excerpt":{"rendered":"<p>B\u00fcndnis 90\/Die Gr\u00fcnen stellen den Antrag zur Kostenermittlung einer Rad \u2013 und Fu\u00dfg\u00e4ngerbr\u00fccke \u00fcber die Hase in H\u00f6he der Eisenbahnlinie zwischen Helter Damm\/ Nord und der Neustadt\/ Riedemannstra\u00dfe. Begr\u00fcndung: In [&hellip;]<\/p>\n","protected":false},"author":-1,"featured_media":0,"comment_status":"open","ping_status":"open","sticky":false,"template":"","format":"standard","meta":{"footnotes":""},"categories":[3],"tags":[],"class_list":["post-281","post","type-post","status-publish","format-standard","hentry","category-allgemein"],"_links":{"self":[{"href":"https:\/\/gruene-emsland-mitte.de\/index.php?rest_route=\/wp\/v2\/posts\/281","targetHints":{"allow":["GET"]}}],"collection":[{"href":"https:\/\/gruene-emsland-mitte.de\/index.php?rest_route=\/wp\/v2\/posts"}],"about":[{"href":"https:\/\/gruene-emsland-mitte.de\/index.php?rest_route=\/wp\/v2\/types\/post"}],"author":[{"embeddable":true,"href":"https:\/\/gruene-emsland-mitte.de\/index.php?rest_route=\/wp\/v2\/users\/2"}],"replies":[{"embeddable":true,"href":"https:\/\/gruene-emsland-mitte.de\/index.php?rest_route=%2Fwp%2Fv2%2Fcomments&post=281"}],"version-history":[{"count":1,"href":"https:\/\/gruene-emsland-mitte.de\/index.php?rest_route=\/wp\/v2\/posts\/281\/revisions"}],"predecessor-version":[{"id":302,"href":"https:\/\/gruene-emsland-mitte.de\/index.php?rest_route=\/wp\/v2\/posts\/281\/revisions\/302"}],"wp:attachment":[{"href":"https:\/\/gruene-emsland-mitte.de\/index.php?rest_route=%2Fwp%2Fv2%2Fmedia&parent=281"}],"wp:term":[{"taxonomy":"category","embeddable":true,"href":"https:\/\/gruene-emsland-mitte.de\/index.php?rest_route=%2Fwp%2Fv2%2Fcategories&post=281"},{"taxonomy":"post_tag","embeddable":true,"href":"https:\/\/gruene-emsland-mitte.de\/index.php?rest_route=%2Fwp%2Fv2%2Ftags&post=281"}],"curies":[{"name":"wp","href":"https:\/\/api.w.org\/{rel}","templated":true}]}}